{"id":35090,"date":"2025-02-23T17:16:51","date_gmt":"2025-02-23T16:16:51","guid":{"rendered":"https:\/\/jensgustafsson.se\/?p=35090"},"modified":"2025-02-23T17:16:51","modified_gmt":"2025-02-23T16:16:51","slug":"sondag-23-februari-2025","status":"publish","type":"post","link":"https:\/\/jensgustafsson.se\/?p=35090","title":{"rendered":"S\u00f6ndag 23 februari 2025."},"content":{"rendered":"\n<p class=\"has-medium-font-size\"><em>P\u00e5 morgonen var det mulet och det regnade ocks\u00e5. Regnet upph\u00f6rde under f\u00f6rmiddagen, och molnt\u00e4cket b\u00f6rjade luckras upp, men det var disigt. Under eftermiddagen har det varit v\u00e4xlande molnighet, och solen har visat sig ganska mycket.<\/em><\/p>\n\n\n\n<p class=\"has-medium-font-size\"><em>Vi forts\u00e4tter resan mot v\u00e5ren. Den l\u00e4gsta temperaturen i natt blev -1,5 grader, och den h\u00f6gsta dagstemperaturen drog iv\u00e4g till +9,3 grader<\/em>.<\/p>\n\n\n\n<p class=\"has-medium-font-size\"><em>Vinden har varit svag, och har pendlat mellan sydost, och sydv\u00e4st.<\/em><\/p>\n\n\n\n<figure class=\"wp-block-image size-large\"><img loading=\"lazy\" decoding=\"async\" width=\"1024\" height=\"768\" src=\"https:\/\/media1.jensgustafsson.se\/2025\/02\/23-feb-2025-1024x768.jpg\" alt=\"\" class=\"wp-image-35092\" srcset=\"https:\/\/media1.jensgustafsson.se\/2025\/02\/23-feb-2025-1024x768.jpg 1024w, https:\/\/media1.jensgustafsson.se\/2025\/02\/23-feb-2025-300x225.jpg 300w, https:\/\/media1.jensgustafsson.se\/2025\/02\/23-feb-2025-768x576.jpg 768w, https:\/\/media1.jensgustafsson.se\/2025\/02\/23-feb-2025-1536x1152.jpg 1536w, https:\/\/media1.jensgustafsson.se\/2025\/02\/23-feb-2025-400x300.jpg 400w, https:\/\/media1.jensgustafsson.se\/2025\/02\/23-feb-2025.jpg 1920w\" sizes=\"auto, (max-width: 1024px) 100vw, 1024px\" \/><figcaption class=\"wp-element-caption\"><strong><em>Gr\u00e5tt och disigt vid Bruksdammen p\u00e5 f\u00f6rmiddagen.<\/em><\/strong><\/figcaption><\/figure>\n\n\n\n<p class=\"has-medium-font-size\"><em>En sammanfattning fr\u00e5n min v\u00e4derstation, f\u00f6r de senaste 24 timmarna:<\/em><\/p>\n\n\n\n<p class=\"has-medium-font-size\"><strong>20250223 kl. 17.00<br \/>Min. temp: -1,5 \u00b0C<br \/>Max. temp: 9,3 \u00b0C<br \/>Min. lufttryck: 1014,9 hPa<br \/>Max. lufttryck: 1020,1 hPa<br \/>Min.luftfuktigh. 75 %<br \/>Max.luftfuktigh. 88 %<br \/>Domin. vindriktn.: Sydlig<br \/>Maxvind: 6 m\/s.<br \/>Nederb\u00f6rd: 1 mm<br \/>Meteorologisk \u00e5rstid: Vinter<br \/>Kalendarisk \u00e5rstid: Vinterm\u00e5nad 3 av 3<br \/>Sn\u00f6djup: Barmark<\/strong><\/p>\n\n\n\n<figure class=\"wp-block-image size-large\"><img loading=\"lazy\" decoding=\"async\" width=\"1024\" height=\"461\" src=\"https:\/\/media1.jensgustafsson.se\/2025\/02\/image-45-1024x461.png\" alt=\"\" class=\"wp-image-35095\" srcset=\"https:\/\/media1.jensgustafsson.se\/2025\/02\/image-45-1024x461.png 1024w, https:\/\/media1.jensgustafsson.se\/2025\/02\/image-45-300x135.png 300w, https:\/\/media1.jensgustafsson.se\/2025\/02\/image-45-768x346.png 768w, https:\/\/media1.jensgustafsson.se\/2025\/02\/image-45-1536x692.png 1536w, https:\/\/media1.jensgustafsson.se\/2025\/02\/image-45-500x225.png 500w, https:\/\/media1.jensgustafsson.se\/2025\/02\/image-45.png 1849w\" sizes=\"auto, (max-width: 1024px) 100vw, 1024px\" \/><figcaption class=\"wp-element-caption\"><strong><em>M\u00e5nadens medeltemperatur \u00e4r t.o.m. idag 0,7 grader kallare\u00a0 j\u00e4mf\u00f6rt mot den normala.<\/em><\/strong><\/figcaption><\/figure>\n\n\n\n<figure class=\"wp-block-image size-large\"><img loading=\"lazy\" decoding=\"async\" width=\"1024\" height=\"529\" src=\"https:\/\/media1.jensgustafsson.se\/2025\/02\/image-46-1024x529.png\" alt=\"\" class=\"wp-image-35096\" srcset=\"https:\/\/media1.jensgustafsson.se\/2025\/02\/image-46-1024x529.png 1024w, https:\/\/media1.jensgustafsson.se\/2025\/02\/image-46-300x155.png 300w, https:\/\/media1.jensgustafsson.se\/2025\/02\/image-46-768x397.png 768w, https:\/\/media1.jensgustafsson.se\/2025\/02\/image-46-500x258.png 500w, https:\/\/media1.jensgustafsson.se\/2025\/02\/image-46.png 1487w\" sizes=\"auto, (max-width: 1024px) 100vw, 1024px\" \/><figcaption class=\"wp-element-caption\"><strong><em>M\u00e5nadens nederb\u00f6rd \u00e4r t.o.m. idag 18 % av den normala.<\/em><\/strong><\/figcaption><\/figure>\n\n\n\n<p><\/p>\n","protected":false},"excerpt":{"rendered":"<p>P\u00e5 morgonen var det mulet och det regnade ocks\u00e5. Regnet upph\u00f6rde under f\u00f6rmiddagen, och molnt\u00e4cket b\u00f6rjade luckras upp, men det var disigt. Under eftermiddagen har det varit v\u00e4xlande molnighet, och solen har visat sig ganska mycket. Vi forts\u00e4tter resan mot &hellip; <a href=\"https:\/\/jensgustafsson.se\/?p=35090\">Forts\u00e4tt l\u00e4sa <span class=\"meta-nav\">&rarr;<\/span><\/a><\/p>\n","protected":false},"author":1,"featured_media":0,"comment_status":"closed","ping_status":"","sticky":false,"template":"","format":"standard","meta":{"footnotes":""},"categories":[10],"tags":[],"class_list":["post-35090","post","type-post","status-publish","format-standard","hentry","category-vaderdagbok-2013"],"_links":{"self":[{"href":"https:\/\/jensgustafsson.se\/index.php?rest_route=\/wp\/v2\/posts\/35090","targetHints":{"allow":["GET"]}}],"collection":[{"href":"https:\/\/jensgustafsson.se\/index.php?rest_route=\/wp\/v2\/posts"}],"about":[{"href":"https:\/\/jensgustafsson.se\/index.php?rest_route=\/wp\/v2\/types\/post"}],"author":[{"embeddable":true,"href":"https:\/\/jensgustafsson.se\/index.php?rest_route=\/wp\/v2\/users\/1"}],"replies":[{"embeddable":true,"href":"https:\/\/jensgustafsson.se\/index.php?rest_route=%2Fwp%2Fv2%2Fcomments&post=35090"}],"version-history":[{"count":4,"href":"https:\/\/jensgustafsson.se\/index.php?rest_route=\/wp\/v2\/posts\/35090\/revisions"}],"predecessor-version":[{"id":35097,"href":"https:\/\/jensgustafsson.se\/index.php?rest_route=\/wp\/v2\/posts\/35090\/revisions\/35097"}],"wp:attachment":[{"href":"https:\/\/jensgustafsson.se\/index.php?rest_route=%2Fwp%2Fv2%2Fmedia&parent=35090"}],"wp:term":[{"taxonomy":"category","embeddable":true,"href":"https:\/\/jensgustafsson.se\/index.php?rest_route=%2Fwp%2Fv2%2Fcategories&post=35090"},{"taxonomy":"post_tag","embeddable":true,"href":"https:\/\/jensgustafsson.se\/index.php?rest_route=%2Fwp%2Fv2%2Ftags&post=35090"}],"curies":[{"name":"wp","href":"https:\/\/api.w.org\/{rel}","templated":true}]}}