{"id":35098,"date":"2025-02-24T17:44:37","date_gmt":"2025-02-24T16:44:37","guid":{"rendered":"https:\/\/jensgustafsson.se\/?p=35098"},"modified":"2025-02-24T17:44:37","modified_gmt":"2025-02-24T16:44:37","slug":"mandag-24-februari-2025","status":"publish","type":"post","link":"https:\/\/jensgustafsson.se\/?p=35098","title":{"rendered":"M\u00e5ndag 24 februari 2025."},"content":{"rendered":"\n<p class=\"has-medium-font-size\"><em>P\u00e5 morgonen var det mulet, disigt och dimma. Fram p\u00e5 f\u00f6rmiddagen l\u00e4ttade diset och dimman, och solen har d\u00e4refter lyst genom lite tunna moln under resten av dagen.<\/em><\/p>\n\n\n\n<p class=\"has-medium-font-size\"><em>Den l\u00e4gsta temperaturen under natten blev -0,6 grader, och den h\u00f6gsta dagstemperaturen blev +9,1 grader.<\/em><\/p>\n\n\n\n<p class=\"has-medium-font-size\"><em>Vinden m\u00e5ttlig, med friska vindbyar under eftermiddagen, Vindriktningen hr pendlat mellan sydv\u00e4st och sydost, med tyngdpunkt p\u00e5 sydlig.<\/em><\/p>\n\n\n\n<figure class=\"wp-block-image size-large\"><img loading=\"lazy\" decoding=\"async\" width=\"1024\" height=\"683\" src=\"https:\/\/media1.jensgustafsson.se\/2025\/02\/DSC_1169-1024x683.jpg\" alt=\"\" class=\"wp-image-35102\" srcset=\"https:\/\/media1.jensgustafsson.se\/2025\/02\/DSC_1169-1024x683.jpg 1024w, https:\/\/media1.jensgustafsson.se\/2025\/02\/DSC_1169-300x200.jpg 300w, https:\/\/media1.jensgustafsson.se\/2025\/02\/DSC_1169-768x512.jpg 768w, https:\/\/media1.jensgustafsson.se\/2025\/02\/DSC_1169-1536x1024.jpg 1536w, https:\/\/media1.jensgustafsson.se\/2025\/02\/DSC_1169-2048x1365.jpg 2048w, https:\/\/media1.jensgustafsson.se\/2025\/02\/DSC_1169-450x300.jpg 450w\" sizes=\"auto, (max-width: 1024px) 100vw, 1024px\" \/><figcaption class=\"wp-element-caption\"><strong><em>Vid &#8221;Flatesten&#8221; \u00d6vrasj\u00f6n i eftermiddag.<\/em><\/strong><\/figcaption><\/figure>\n\n\n\n<p class=\"has-medium-font-size\"><em>En sammanfattning fr\u00e5n min v\u00e4derstation, f\u00f6r de senaste 24 timmarna:<\/em><\/p>\n\n\n\n<p class=\"has-medium-font-size\"><strong>20250224 kl. 17.00<br \/>Min. temp: -0,6 \u00b0C<br \/>Max. temp: 9,1 \u00b0C<br \/>Min. lufttryck: 1013,2 hPa<br \/>Max. lufttryck: 1021,2 hPa<br \/>Min.luftfuktigh. 70 %<br \/>Max.luftfuktigh. 87 %<br \/>Domin. vindriktn.: Sydlig<br \/>Maxvind: 10 m\/s.<br \/>Nederb\u00f6rd: 0 mm<br \/>Meteorologisk \u00e5rstid: Vinter<br \/>Kalendarisk \u00e5rstid: Vinterm\u00e5nad 3 av 3<br \/>Sn\u00f6djup: Barmark<\/strong><\/p>\n\n\n\n<figure class=\"wp-block-image size-large\"><img loading=\"lazy\" decoding=\"async\" width=\"1024\" height=\"461\" src=\"https:\/\/media1.jensgustafsson.se\/2025\/02\/image-47-1024x461.png\" alt=\"\" class=\"wp-image-35099\" srcset=\"https:\/\/media1.jensgustafsson.se\/2025\/02\/image-47-1024x461.png 1024w, https:\/\/media1.jensgustafsson.se\/2025\/02\/image-47-300x135.png 300w, https:\/\/media1.jensgustafsson.se\/2025\/02\/image-47-768x346.png 768w, https:\/\/media1.jensgustafsson.se\/2025\/02\/image-47-1536x692.png 1536w, https:\/\/media1.jensgustafsson.se\/2025\/02\/image-47-500x225.png 500w, https:\/\/media1.jensgustafsson.se\/2025\/02\/image-47.png 1849w\" sizes=\"auto, (max-width: 1024px) 100vw, 1024px\" \/><figcaption class=\"wp-element-caption\"><strong><em>M\u00e5nadens medeltemperatur \u00e4r t.o.m. idag 0,5 grader kallare&nbsp; j\u00e4mf\u00f6rt mot den normala.<\/em><\/strong><\/figcaption><\/figure>\n\n\n\n<figure class=\"wp-block-image size-large\"><img loading=\"lazy\" decoding=\"async\" width=\"1024\" height=\"529\" src=\"https:\/\/media1.jensgustafsson.se\/2025\/02\/image-48-1024x529.png\" alt=\"\" class=\"wp-image-35100\" srcset=\"https:\/\/media1.jensgustafsson.se\/2025\/02\/image-48-1024x529.png 1024w, https:\/\/media1.jensgustafsson.se\/2025\/02\/image-48-300x155.png 300w, https:\/\/media1.jensgustafsson.se\/2025\/02\/image-48-768x397.png 768w, https:\/\/media1.jensgustafsson.se\/2025\/02\/image-48-500x258.png 500w, https:\/\/media1.jensgustafsson.se\/2025\/02\/image-48.png 1487w\" sizes=\"auto, (max-width: 1024px) 100vw, 1024px\" \/><figcaption class=\"wp-element-caption\"><strong><em>M\u00e5nadens nederb\u00f6rd \u00e4r t.o.m. idag 18 % av den normala.<\/em><\/strong><\/figcaption><\/figure>\n\n\n\n<p><\/p>\n","protected":false},"excerpt":{"rendered":"<p>P\u00e5 morgonen var det mulet, disigt och dimma. Fram p\u00e5 f\u00f6rmiddagen l\u00e4ttade diset och dimman, och solen har d\u00e4refter lyst genom lite tunna moln under resten av dagen. Den l\u00e4gsta temperaturen under natten blev -0,6 grader, och den h\u00f6gsta dagstemperaturen &hellip; <a href=\"https:\/\/jensgustafsson.se\/?p=35098\">Forts\u00e4tt l\u00e4sa <span class=\"meta-nav\">&rarr;<\/span><\/a><\/p>\n","protected":false},"author":1,"featured_media":0,"comment_status":"closed","ping_status":"","sticky":false,"template":"","format":"standard","meta":{"footnotes":""},"categories":[10],"tags":[],"class_list":["post-35098","post","type-post","status-publish","format-standard","hentry","category-vaderdagbok-2013"],"_links":{"self":[{"href":"https:\/\/jensgustafsson.se\/index.php?rest_route=\/wp\/v2\/posts\/35098","targetHints":{"allow":["GET"]}}],"collection":[{"href":"https:\/\/jensgustafsson.se\/index.php?rest_route=\/wp\/v2\/posts"}],"about":[{"href":"https:\/\/jensgustafsson.se\/index.php?rest_route=\/wp\/v2\/types\/post"}],"author":[{"embeddable":true,"href":"https:\/\/jensgustafsson.se\/index.php?rest_route=\/wp\/v2\/users\/1"}],"replies":[{"embeddable":true,"href":"https:\/\/jensgustafsson.se\/index.php?rest_route=%2Fwp%2Fv2%2Fcomments&post=35098"}],"version-history":[{"count":2,"href":"https:\/\/jensgustafsson.se\/index.php?rest_route=\/wp\/v2\/posts\/35098\/revisions"}],"predecessor-version":[{"id":35103,"href":"https:\/\/jensgustafsson.se\/index.php?rest_route=\/wp\/v2\/posts\/35098\/revisions\/35103"}],"wp:attachment":[{"href":"https:\/\/jensgustafsson.se\/index.php?rest_route=%2Fwp%2Fv2%2Fmedia&parent=35098"}],"wp:term":[{"taxonomy":"category","embeddable":true,"href":"https:\/\/jensgustafsson.se\/index.php?rest_route=%2Fwp%2Fv2%2Fcategories&post=35098"},{"taxonomy":"post_tag","embeddable":true,"href":"https:\/\/jensgustafsson.se\/index.php?rest_route=%2Fwp%2Fv2%2Ftags&post=35098"}],"curies":[{"name":"wp","href":"https:\/\/api.w.org\/{rel}","templated":true}]}}