{"id":35105,"date":"2025-02-25T17:34:44","date_gmt":"2025-02-25T16:34:44","guid":{"rendered":"https:\/\/jensgustafsson.se\/?p=35105"},"modified":"2025-02-25T17:34:44","modified_gmt":"2025-02-25T16:34:44","slug":"tisdag-25-februari-2025","status":"publish","type":"post","link":"https:\/\/jensgustafsson.se\/?p=35105","title":{"rendered":"Tisdag 25 februari 2025."},"content":{"rendered":"\n<p class=\"has-medium-font-size\"><em>Molnen har dominerat den h\u00e4r dagen. Tidvis har det ljusnat lite bland molnen, men solen har inte orkat igenom<\/em>.<\/p>\n\n\n\n<p class=\"has-medium-font-size\"><em>Ett milt dygn har vi haft. Den l\u00e4gsta temperaturen blev +3,6 grader, och den h\u00f6gsta temperaturen idag blev +9 grader.<\/em><\/p>\n\n\n\n<p class=\"has-medium-font-size\"><em>Vinden har varit svag, och f\u00f6rsta delen av dagen kom den fr\u00e5n sydost, d\u00e4refter vred den till sydv\u00e4st.<\/em><\/p>\n\n\n\n<figure class=\"wp-block-image size-large\"><img loading=\"lazy\" decoding=\"async\" width=\"1024\" height=\"768\" src=\"https:\/\/media1.jensgustafsson.se\/2025\/02\/25-feb-2025-1024x768.jpg\" alt=\"\" class=\"wp-image-35106\" srcset=\"https:\/\/media1.jensgustafsson.se\/2025\/02\/25-feb-2025-1024x768.jpg 1024w, https:\/\/media1.jensgustafsson.se\/2025\/02\/25-feb-2025-300x225.jpg 300w, https:\/\/media1.jensgustafsson.se\/2025\/02\/25-feb-2025-768x576.jpg 768w, https:\/\/media1.jensgustafsson.se\/2025\/02\/25-feb-2025-1536x1152.jpg 1536w, https:\/\/media1.jensgustafsson.se\/2025\/02\/25-feb-2025-400x300.jpg 400w, https:\/\/media1.jensgustafsson.se\/2025\/02\/25-feb-2025.jpg 1920w\" sizes=\"auto, (max-width: 1024px) 100vw, 1024px\" \/><figcaption class=\"wp-element-caption\"><strong><em>Eftermiddagens foto \u00f6ver Bruksdammen. Mulet och gr\u00e5tt v\u00e4der.<\/em><\/strong><\/figcaption><\/figure>\n\n\n\n<p class=\"has-medium-font-size\"><em>En sammanfattning fr\u00e5n min v\u00e4derstation, f\u00f6r de senaste 24 timmarna:<\/em><\/p>\n\n\n\n<p class=\"has-medium-font-size\"><strong>20250225 kl. 17.30<br \/>Min. temp: 3,6 \u00b0C<br \/>Max. temp: 9 \u00b0C<br \/>Min. lufttryck: 1007,2 hPa<br \/>Max. lufttryck: 1013,3 hPa<br \/>Min.luftfuktigh. 77 %<br \/>Max.luftfuktigh. 88 %<br \/>Domin. vindriktn.: Sydostlig<br \/>Maxvind: 5 m\/s.<br \/>Nederb\u00f6rd: 0 mm<br \/>Meteorologisk \u00e5rstid: Vinter<br \/>Kalendarisk \u00e5rstid: Vinterm\u00e5nad 3 av 3<br \/>Sn\u00f6djup: Barmark<\/strong><\/p>\n\n\n\n<figure class=\"wp-block-image size-large\"><img loading=\"lazy\" decoding=\"async\" width=\"1024\" height=\"461\" src=\"https:\/\/media1.jensgustafsson.se\/2025\/02\/image-49-1024x461.png\" alt=\"\" class=\"wp-image-35109\" srcset=\"https:\/\/media1.jensgustafsson.se\/2025\/02\/image-49-1024x461.png 1024w, https:\/\/media1.jensgustafsson.se\/2025\/02\/image-49-300x135.png 300w, https:\/\/media1.jensgustafsson.se\/2025\/02\/image-49-768x346.png 768w, https:\/\/media1.jensgustafsson.se\/2025\/02\/image-49-1536x692.png 1536w, https:\/\/media1.jensgustafsson.se\/2025\/02\/image-49-500x225.png 500w, https:\/\/media1.jensgustafsson.se\/2025\/02\/image-49.png 1849w\" sizes=\"auto, (max-width: 1024px) 100vw, 1024px\" \/><figcaption class=\"wp-element-caption\"><strong><em>M\u00e5nadens medeltemperatur \u00e4r t.o.m. idag 0,2 grader kallare\u00a0 j\u00e4mf\u00f6rt mot den normala.<\/em><\/strong><\/figcaption><\/figure>\n\n\n\n<figure class=\"wp-block-image size-large\"><img loading=\"lazy\" decoding=\"async\" width=\"1024\" height=\"529\" src=\"https:\/\/media1.jensgustafsson.se\/2025\/02\/image-50-1024x529.png\" alt=\"\" class=\"wp-image-35110\" srcset=\"https:\/\/media1.jensgustafsson.se\/2025\/02\/image-50-1024x529.png 1024w, https:\/\/media1.jensgustafsson.se\/2025\/02\/image-50-300x155.png 300w, https:\/\/media1.jensgustafsson.se\/2025\/02\/image-50-768x397.png 768w, https:\/\/media1.jensgustafsson.se\/2025\/02\/image-50-500x258.png 500w, https:\/\/media1.jensgustafsson.se\/2025\/02\/image-50.png 1487w\" sizes=\"auto, (max-width: 1024px) 100vw, 1024px\" \/><figcaption class=\"wp-element-caption\"><strong><em>M\u00e5nadens nederb\u00f6rd \u00e4r t.o.m. idag 18 % av den normala.<\/em><\/strong><\/figcaption><\/figure>\n","protected":false},"excerpt":{"rendered":"<p>Molnen har dominerat den h\u00e4r dagen. Tidvis har det ljusnat lite bland molnen, men solen har inte orkat igenom. Ett milt dygn har vi haft. Den l\u00e4gsta temperaturen blev +3,6 grader, och den h\u00f6gsta temperaturen idag blev +9 grader. Vinden &hellip; <a href=\"https:\/\/jensgustafsson.se\/?p=35105\">Forts\u00e4tt l\u00e4sa <span class=\"meta-nav\">&rarr;<\/span><\/a><\/p>\n","protected":false},"author":1,"featured_media":0,"comment_status":"closed","ping_status":"","sticky":false,"template":"","format":"standard","meta":{"footnotes":""},"categories":[10],"tags":[],"class_list":["post-35105","post","type-post","status-publish","format-standard","hentry","category-vaderdagbok-2013"],"_links":{"self":[{"href":"https:\/\/jensgustafsson.se\/index.php?rest_route=\/wp\/v2\/posts\/35105","targetHints":{"allow":["GET"]}}],"collection":[{"href":"https:\/\/jensgustafsson.se\/index.php?rest_route=\/wp\/v2\/posts"}],"about":[{"href":"https:\/\/jensgustafsson.se\/index.php?rest_route=\/wp\/v2\/types\/post"}],"author":[{"embeddable":true,"href":"https:\/\/jensgustafsson.se\/index.php?rest_route=\/wp\/v2\/users\/1"}],"replies":[{"embeddable":true,"href":"https:\/\/jensgustafsson.se\/index.php?rest_route=%2Fwp%2Fv2%2Fcomments&post=35105"}],"version-history":[{"count":3,"href":"https:\/\/jensgustafsson.se\/index.php?rest_route=\/wp\/v2\/posts\/35105\/revisions"}],"predecessor-version":[{"id":35111,"href":"https:\/\/jensgustafsson.se\/index.php?rest_route=\/wp\/v2\/posts\/35105\/revisions\/35111"}],"wp:attachment":[{"href":"https:\/\/jensgustafsson.se\/index.php?rest_route=%2Fwp%2Fv2%2Fmedia&parent=35105"}],"wp:term":[{"taxonomy":"category","embeddable":true,"href":"https:\/\/jensgustafsson.se\/index.php?rest_route=%2Fwp%2Fv2%2Fcategories&post=35105"},{"taxonomy":"post_tag","embeddable":true,"href":"https:\/\/jensgustafsson.se\/index.php?rest_route=%2Fwp%2Fv2%2Ftags&post=35105"}],"curies":[{"name":"wp","href":"https:\/\/api.w.org\/{rel}","templated":true}]}}