{"id":35112,"date":"2025-02-26T16:46:16","date_gmt":"2025-02-26T15:46:16","guid":{"rendered":"https:\/\/jensgustafsson.se\/?p=35112"},"modified":"2025-02-26T16:46:16","modified_gmt":"2025-02-26T15:46:16","slug":"onsdag-26-februari-2025","status":"publish","type":"post","link":"https:\/\/jensgustafsson.se\/?p=35112","title":{"rendered":"Onsdag 26 februari 2025."},"content":{"rendered":"\n<p class=\"has-medium-font-size\"><em>Lite varierande molnighet idag. P\u00e5 morgonen dominerade molnen, men p\u00e5 f\u00f6rmiddagen klarnade det upp. Det blev ganska kortvarigt med sol, f\u00f6r molnen tog \u00f6ver igen, och eftermiddagen har varit molnig.<\/em><\/p>\n\n\n\n<p class=\"has-medium-font-size\"><em>\u00c4nnu ett milt dygn. Den l\u00e4gsta temperaturen blev +2,9 grader, och den h\u00f6gsta blev +7,7 grader.<\/em><\/p>\n\n\n\n<p class=\"has-medium-font-size\"><em>Vinden har varit svag, och \u00f6verv\u00e4gande sydv\u00e4stlig.<\/em><\/p>\n\n\n\n<figure class=\"wp-block-image size-large\"><img loading=\"lazy\" decoding=\"async\" width=\"1024\" height=\"768\" src=\"https:\/\/media1.jensgustafsson.se\/2025\/02\/26-feb-2025-1-1024x768.jpg\" alt=\"\" class=\"wp-image-35116\" srcset=\"https:\/\/media1.jensgustafsson.se\/2025\/02\/26-feb-2025-1-1024x768.jpg 1024w, https:\/\/media1.jensgustafsson.se\/2025\/02\/26-feb-2025-1-300x225.jpg 300w, https:\/\/media1.jensgustafsson.se\/2025\/02\/26-feb-2025-1-768x576.jpg 768w, https:\/\/media1.jensgustafsson.se\/2025\/02\/26-feb-2025-1-1536x1152.jpg 1536w, https:\/\/media1.jensgustafsson.se\/2025\/02\/26-feb-2025-1-400x300.jpg 400w, https:\/\/media1.jensgustafsson.se\/2025\/02\/26-feb-2025-1.jpg 1856w\" sizes=\"auto, (max-width: 1024px) 100vw, 1024px\" \/><figcaption class=\"wp-element-caption\"><strong><em>P\u00e5 f\u00f6rmiddagen idag. Bara n\u00e5gra tunna molnsl\u00f6jor p\u00e5 himlen.<\/em><\/strong><\/figcaption><\/figure>\n\n\n\n<p class=\"has-medium-font-size\"><em>En sammanfattning fr\u00e5n min v\u00e4derstation, f\u00f6r de senaste 24 timmarna:<\/em><\/p>\n\n\n\n<p class=\"has-medium-font-size\"><strong>20250226 kl. 17.00<br \/>Min. temp: 2,9 \u00b0C<br \/>Max. temp: 7,7 \u00b0C<br \/>Min. lufttryck: 1008,2 hPa<br \/>Max. lufttryck: 1011,9 hPa<br \/>Min.luftfuktigh. 69 %<br \/>Max.luftfuktigh. 85 %<br \/>Domin. vindriktn.: Sydv\u00e4stlig<br \/>Maxvind: 6 m\/s.<br \/>Nederb\u00f6rd: 0 mm<br \/>Meteorologisk \u00e5rstid: Vinter<br \/>Kalendarisk \u00e5rstid: Vinterm\u00e5nad 3 av 3<br \/>Sn\u00f6djup: Barmark<\/strong><\/p>\n\n\n\n<figure class=\"wp-block-image size-large\"><img loading=\"lazy\" decoding=\"async\" width=\"1024\" height=\"461\" src=\"https:\/\/media1.jensgustafsson.se\/2025\/02\/image-51-1024x461.png\" alt=\"\" class=\"wp-image-35113\" srcset=\"https:\/\/media1.jensgustafsson.se\/2025\/02\/image-51-1024x461.png 1024w, https:\/\/media1.jensgustafsson.se\/2025\/02\/image-51-300x135.png 300w, https:\/\/media1.jensgustafsson.se\/2025\/02\/image-51-768x346.png 768w, https:\/\/media1.jensgustafsson.se\/2025\/02\/image-51-1536x692.png 1536w, https:\/\/media1.jensgustafsson.se\/2025\/02\/image-51-500x225.png 500w, https:\/\/media1.jensgustafsson.se\/2025\/02\/image-51.png 1849w\" sizes=\"auto, (max-width: 1024px) 100vw, 1024px\" \/><figcaption class=\"wp-element-caption\"><strong><em>M\u00e5nadens medeltemperatur \u00e4r t.o.m. idag 0,1 grad varmare&nbsp; j\u00e4mf\u00f6rt mot den normala.<\/em><\/strong><\/figcaption><\/figure>\n\n\n\n<figure class=\"wp-block-image size-large\"><img loading=\"lazy\" decoding=\"async\" width=\"1024\" height=\"529\" src=\"https:\/\/media1.jensgustafsson.se\/2025\/02\/image-52-1024x529.png\" alt=\"\" class=\"wp-image-35114\" srcset=\"https:\/\/media1.jensgustafsson.se\/2025\/02\/image-52-1024x529.png 1024w, https:\/\/media1.jensgustafsson.se\/2025\/02\/image-52-300x155.png 300w, https:\/\/media1.jensgustafsson.se\/2025\/02\/image-52-768x397.png 768w, https:\/\/media1.jensgustafsson.se\/2025\/02\/image-52-500x258.png 500w, https:\/\/media1.jensgustafsson.se\/2025\/02\/image-52.png 1487w\" sizes=\"auto, (max-width: 1024px) 100vw, 1024px\" \/><figcaption class=\"wp-element-caption\"><strong><em>M\u00e5nadens nederb\u00f6rd \u00e4r t.o.m. idag 18 % av den normala.<\/em><\/strong><\/figcaption><\/figure>\n","protected":false},"excerpt":{"rendered":"<p>Lite varierande molnighet idag. P\u00e5 morgonen dominerade molnen, men p\u00e5 f\u00f6rmiddagen klarnade det upp. Det blev ganska kortvarigt med sol, f\u00f6r molnen tog \u00f6ver igen, och eftermiddagen har varit molnig. \u00c4nnu ett milt dygn. Den l\u00e4gsta temperaturen blev +2,9 grader, &hellip; <a href=\"https:\/\/jensgustafsson.se\/?p=35112\">Forts\u00e4tt l\u00e4sa <span class=\"meta-nav\">&rarr;<\/span><\/a><\/p>\n","protected":false},"author":1,"featured_media":0,"comment_status":"closed","ping_status":"","sticky":false,"template":"","format":"standard","meta":{"footnotes":""},"categories":[10],"tags":[],"class_list":["post-35112","post","type-post","status-publish","format-standard","hentry","category-vaderdagbok-2013"],"_links":{"self":[{"href":"https:\/\/jensgustafsson.se\/index.php?rest_route=\/wp\/v2\/posts\/35112","targetHints":{"allow":["GET"]}}],"collection":[{"href":"https:\/\/jensgustafsson.se\/index.php?rest_route=\/wp\/v2\/posts"}],"about":[{"href":"https:\/\/jensgustafsson.se\/index.php?rest_route=\/wp\/v2\/types\/post"}],"author":[{"embeddable":true,"href":"https:\/\/jensgustafsson.se\/index.php?rest_route=\/wp\/v2\/users\/1"}],"replies":[{"embeddable":true,"href":"https:\/\/jensgustafsson.se\/index.php?rest_route=%2Fwp%2Fv2%2Fcomments&post=35112"}],"version-history":[{"count":2,"href":"https:\/\/jensgustafsson.se\/index.php?rest_route=\/wp\/v2\/posts\/35112\/revisions"}],"predecessor-version":[{"id":35117,"href":"https:\/\/jensgustafsson.se\/index.php?rest_route=\/wp\/v2\/posts\/35112\/revisions\/35117"}],"wp:attachment":[{"href":"https:\/\/jensgustafsson.se\/index.php?rest_route=%2Fwp%2Fv2%2Fmedia&parent=35112"}],"wp:term":[{"taxonomy":"category","embeddable":true,"href":"https:\/\/jensgustafsson.se\/index.php?rest_route=%2Fwp%2Fv2%2Fcategories&post=35112"},{"taxonomy":"post_tag","embeddable":true,"href":"https:\/\/jensgustafsson.se\/index.php?rest_route=%2Fwp%2Fv2%2Ftags&post=35112"}],"curies":[{"name":"wp","href":"https:\/\/api.w.org\/{rel}","templated":true}]}}