{"id":35118,"date":"2025-02-27T17:23:22","date_gmt":"2025-02-27T16:23:22","guid":{"rendered":"https:\/\/jensgustafsson.se\/?p=35118"},"modified":"2025-02-27T17:23:22","modified_gmt":"2025-02-27T16:23:22","slug":"torsdag-27-februari-2025","status":"publish","type":"post","link":"https:\/\/jensgustafsson.se\/?p=35118","title":{"rendered":"Torsdag 27 februari 2025."},"content":{"rendered":"\n<p class=\"has-medium-font-size\"><em>Tidigt p\u00e5 morgonen kom det lite regn. Regnet blev inte l\u00e5ngvarigt, och efter att det slutat, s\u00e5 blev det dimmigt. Dimman l\u00e4ttade under f\u00f6rmiddagen, men resten av dagen har varit mulen och gr\u00e5.<\/em><\/p>\n\n\n\n<p class=\"has-medium-font-size\"><em>Lite l\u00e4gre temperaturer b\u00e5de dag och natt, men fortfarande plusgrader dygnet runt. Den l\u00e4gsta temperaturen blev +2 grader, och den h\u00f6gsta blev +6,6 grader.<\/em><\/p>\n\n\n\n<p class=\"has-medium-font-size\"><em>Vinden har varit svag, sydostlig idag.<\/em><\/p>\n\n\n\n<figure class=\"wp-block-image size-large\"><img loading=\"lazy\" decoding=\"async\" width=\"1024\" height=\"683\" src=\"https:\/\/media1.jensgustafsson.se\/2025\/02\/DSC_1181-1024x683.jpg\" alt=\"\" class=\"wp-image-35122\" srcset=\"https:\/\/media1.jensgustafsson.se\/2025\/02\/DSC_1181-1024x683.jpg 1024w, https:\/\/media1.jensgustafsson.se\/2025\/02\/DSC_1181-300x200.jpg 300w, https:\/\/media1.jensgustafsson.se\/2025\/02\/DSC_1181-768x512.jpg 768w, https:\/\/media1.jensgustafsson.se\/2025\/02\/DSC_1181-1536x1024.jpg 1536w, https:\/\/media1.jensgustafsson.se\/2025\/02\/DSC_1181-2048x1365.jpg 2048w, https:\/\/media1.jensgustafsson.se\/2025\/02\/DSC_1181-450x300.jpg 450w\" sizes=\"auto, (max-width: 1024px) 100vw, 1024px\" \/><figcaption class=\"wp-element-caption\"><strong><em>Mulet och gr\u00e5tt p\u00e5 Kyrkogatan.<\/em><\/strong><\/figcaption><\/figure>\n\n\n\n<p class=\"has-medium-font-size\"><em>En sammanfattning fr\u00e5n min v\u00e4derstation, f\u00f6r de senaste 24 timmarna:<\/em><\/p>\n\n\n\n<p class=\"has-medium-font-size\"><strong>20250227 kl. 17.00<br \/>Min. temp: 2 \u00b0C<br \/>Max. temp: 6,6 \u00b0C<br \/>Min. lufttryck: 1011,7 hPa<br \/>Max. lufttryck: 1014 hPa<br \/>Min.luftfuktigh. 71 %<br \/>Max.luftfuktigh. 87 %<br \/>Domin. vindriktn.: Sydostlig<br \/>Maxvind: 3 m\/s.<br \/>Nederb\u00f6rd: 1 mm<br \/>Meteorologisk \u00e5rstid: Vinter<br \/>Kalendarisk \u00e5rstid: Vinterm\u00e5nad 3 av 3<br \/>Sn\u00f6djup: Barmark<\/strong><\/p>\n\n\n\n<figure class=\"wp-block-image size-large\"><img loading=\"lazy\" decoding=\"async\" width=\"1024\" height=\"461\" src=\"https:\/\/media1.jensgustafsson.se\/2025\/02\/image-53-1024x461.png\" alt=\"\" class=\"wp-image-35119\" srcset=\"https:\/\/media1.jensgustafsson.se\/2025\/02\/image-53-1024x461.png 1024w, https:\/\/media1.jensgustafsson.se\/2025\/02\/image-53-300x135.png 300w, https:\/\/media1.jensgustafsson.se\/2025\/02\/image-53-768x346.png 768w, https:\/\/media1.jensgustafsson.se\/2025\/02\/image-53-1536x692.png 1536w, https:\/\/media1.jensgustafsson.se\/2025\/02\/image-53-500x225.png 500w, https:\/\/media1.jensgustafsson.se\/2025\/02\/image-53.png 1849w\" sizes=\"auto, (max-width: 1024px) 100vw, 1024px\" \/><figcaption class=\"wp-element-caption\"><strong><em>M\u00e5nadens medeltemperatur \u00e4r t.o.m. idag 0,3 grader varmare&nbsp; j\u00e4mf\u00f6rt mot den normala.<\/em><\/strong><\/figcaption><\/figure>\n\n\n\n<figure class=\"wp-block-image size-large\"><img loading=\"lazy\" decoding=\"async\" width=\"1024\" height=\"529\" src=\"https:\/\/media1.jensgustafsson.se\/2025\/02\/image-54-1024x529.png\" alt=\"\" class=\"wp-image-35120\" srcset=\"https:\/\/media1.jensgustafsson.se\/2025\/02\/image-54-1024x529.png 1024w, https:\/\/media1.jensgustafsson.se\/2025\/02\/image-54-300x155.png 300w, https:\/\/media1.jensgustafsson.se\/2025\/02\/image-54-768x397.png 768w, https:\/\/media1.jensgustafsson.se\/2025\/02\/image-54-500x258.png 500w, https:\/\/media1.jensgustafsson.se\/2025\/02\/image-54.png 1487w\" sizes=\"auto, (max-width: 1024px) 100vw, 1024px\" \/><figcaption class=\"wp-element-caption\"><strong><em>M\u00e5nadens nederb\u00f6rd \u00e4r t.o.m. idag 21 % av den normala.<\/em><\/strong><\/figcaption><\/figure>\n\n\n\n<p><\/p>\n","protected":false},"excerpt":{"rendered":"<p>Tidigt p\u00e5 morgonen kom det lite regn. Regnet blev inte l\u00e5ngvarigt, och efter att det slutat, s\u00e5 blev det dimmigt. Dimman l\u00e4ttade under f\u00f6rmiddagen, men resten av dagen har varit mulen och gr\u00e5. Lite l\u00e4gre temperaturer b\u00e5de dag och natt, &hellip; <a href=\"https:\/\/jensgustafsson.se\/?p=35118\">Forts\u00e4tt l\u00e4sa <span class=\"meta-nav\">&rarr;<\/span><\/a><\/p>\n","protected":false},"author":1,"featured_media":0,"comment_status":"open","ping_status":"","sticky":false,"template":"","format":"standard","meta":{"footnotes":""},"categories":[10],"tags":[],"class_list":["post-35118","post","type-post","status-publish","format-standard","hentry","category-vaderdagbok-2013"],"_links":{"self":[{"href":"https:\/\/jensgustafsson.se\/index.php?rest_route=\/wp\/v2\/posts\/35118","targetHints":{"allow":["GET"]}}],"collection":[{"href":"https:\/\/jensgustafsson.se\/index.php?rest_route=\/wp\/v2\/posts"}],"about":[{"href":"https:\/\/jensgustafsson.se\/index.php?rest_route=\/wp\/v2\/types\/post"}],"author":[{"embeddable":true,"href":"https:\/\/jensgustafsson.se\/index.php?rest_route=\/wp\/v2\/users\/1"}],"replies":[{"embeddable":true,"href":"https:\/\/jensgustafsson.se\/index.php?rest_route=%2Fwp%2Fv2%2Fcomments&post=35118"}],"version-history":[{"count":4,"href":"https:\/\/jensgustafsson.se\/index.php?rest_route=\/wp\/v2\/posts\/35118\/revisions"}],"predecessor-version":[{"id":35125,"href":"https:\/\/jensgustafsson.se\/index.php?rest_route=\/wp\/v2\/posts\/35118\/revisions\/35125"}],"wp:attachment":[{"href":"https:\/\/jensgustafsson.se\/index.php?rest_route=%2Fwp%2Fv2%2Fmedia&parent=35118"}],"wp:term":[{"taxonomy":"category","embeddable":true,"href":"https:\/\/jensgustafsson.se\/index.php?rest_route=%2Fwp%2Fv2%2Fcategories&post=35118"},{"taxonomy":"post_tag","embeddable":true,"href":"https:\/\/jensgustafsson.se\/index.php?rest_route=%2Fwp%2Fv2%2Ftags&post=35118"}],"curies":[{"name":"wp","href":"https:\/\/api.w.org\/{rel}","templated":true}]}}