{"id":35126,"date":"2025-02-28T17:57:13","date_gmt":"2025-02-28T16:57:13","guid":{"rendered":"https:\/\/jensgustafsson.se\/?p=35126"},"modified":"2025-02-28T17:58:13","modified_gmt":"2025-02-28T16:58:13","slug":"fredag-28-februari-2025","status":"publish","type":"post","link":"https:\/\/jensgustafsson.se\/?p=35126","title":{"rendered":"Fredag 28 februari 2025."},"content":{"rendered":"\n<p class=\"has-medium-font-size\"><em>Idag \u00e4r det dygn nummer 7 i str\u00e4ck med en dygnsmedeltemperatur \u00f6ver 0 grader. Det inneb\u00e4r att den meteorologiska v\u00e5ren kom till F\u00e5gelfors den 22 februari i \u00e5r. I morgon g\u00e5r vi in i den 1:a av de 3 kalendariska v\u00e5rm\u00e5naderna ocks\u00e5. Diagrammet nedan visar  dygnsmedeltemperaturen dag f\u00f6r dag i februari.<\/em><\/p>\n\n\n\n<figure class=\"wp-block-image size-large\"><img loading=\"lazy\" decoding=\"async\" width=\"1024\" height=\"486\" src=\"https:\/\/media1.jensgustafsson.se\/2025\/02\/image-55-1024x486.png\" alt=\"\" class=\"wp-image-35129\" srcset=\"https:\/\/media1.jensgustafsson.se\/2025\/02\/image-55-1024x486.png 1024w, https:\/\/media1.jensgustafsson.se\/2025\/02\/image-55-300x142.png 300w, https:\/\/media1.jensgustafsson.se\/2025\/02\/image-55-768x364.png 768w, https:\/\/media1.jensgustafsson.se\/2025\/02\/image-55-500x237.png 500w, https:\/\/media1.jensgustafsson.se\/2025\/02\/image-55.png 1202w\" sizes=\"auto, (max-width: 1024px) 100vw, 1024px\" \/><\/figure>\n\n\n\n<p class=\"has-medium-font-size\"><em>P\u00e5 morgonen idag var det mulet och dimma. Dimman l\u00e4ttade fram p\u00e5 f\u00f6rmiddagen, och molnt\u00e4cket b\u00f6rjade spricka upp. Allt eftersom dagen har g\u00e5tt, s\u00e5 har molnen skingrats allt mera, och nu mot kv\u00e4llen, \u00e4r det helt molnfritt p\u00e5 himlen och solen str\u00e5lar p\u00e5.<\/em><\/p>\n\n\n\n<p><\/p>\n\n\n\n<p class=\"has-medium-font-size\"><\/p>\n\n\n\n<p class=\"has-medium-font-size\"><em>Den l\u00e4gsta temperaturen senaste dygnet blev +1,4 grader, och den h\u00f6gsta blev +5,8 grader.<\/em><\/p>\n\n\n\n<p class=\"has-medium-font-size\"><em>Vinden har varit svag, och pendlat mellan v\u00e4stlig, nordlig och nordostlig.<\/em><\/p>\n\n\n\n<figure class=\"wp-block-image size-large\"><img loading=\"lazy\" decoding=\"async\" width=\"1024\" height=\"695\" src=\"https:\/\/media1.jensgustafsson.se\/2025\/02\/DSC_1221-1024x695.jpg\" alt=\"\" class=\"wp-image-35133\" srcset=\"https:\/\/media1.jensgustafsson.se\/2025\/02\/DSC_1221-1024x695.jpg 1024w, https:\/\/media1.jensgustafsson.se\/2025\/02\/DSC_1221-300x204.jpg 300w, https:\/\/media1.jensgustafsson.se\/2025\/02\/DSC_1221-768x521.jpg 768w, https:\/\/media1.jensgustafsson.se\/2025\/02\/DSC_1221-1536x1043.jpg 1536w, https:\/\/media1.jensgustafsson.se\/2025\/02\/DSC_1221-2048x1390.jpg 2048w, https:\/\/media1.jensgustafsson.se\/2025\/02\/DSC_1221-442x300.jpg 442w\" sizes=\"auto, (max-width: 1024px) 100vw, 1024px\" \/><figcaption class=\"wp-element-caption\"><strong><em>Helt molnfri himmel i eftermiddag.<\/em><\/strong><\/figcaption><\/figure>\n\n\n\n<p class=\"has-medium-font-size\"><em>En sammanfattning fr\u00e5n min v\u00e4derstation, f\u00f6r de senaste 24 timmarna:<\/em><\/p>\n\n\n\n<p class=\"has-medium-font-size\"><strong>20250228 kl. 17.30<br \/>Min. temp: 1,4 \u00b0C<br \/>Max. temp: 5,8 \u00b0C<br \/>Min. lufttryck: 1013,8 hPa<br \/>Max. lufttryck: 1020,4 hPa<br \/>Min.luftfuktigh. 69 %<br \/>Max.luftfuktigh. 87 %<br \/>Domin. vindriktn.: Nordlig<br \/>Maxvind: 4 m\/s.<br \/>Nederb\u00f6rd: 0 mm<br \/>Meteorologisk \u00e5rstid: V\u00e5r<br \/>Kalendarisk \u00e5rstid: Vinterm\u00e5nad 3 av 3<br \/>Sn\u00f6djup: Barmark<\/strong><\/p>\n\n\n\n<figure class=\"wp-block-image size-large\"><img loading=\"lazy\" decoding=\"async\" width=\"1024\" height=\"461\" src=\"https:\/\/media1.jensgustafsson.se\/2025\/02\/image-56-1024x461.png\" alt=\"\" class=\"wp-image-35130\" srcset=\"https:\/\/media1.jensgustafsson.se\/2025\/02\/image-56-1024x461.png 1024w, https:\/\/media1.jensgustafsson.se\/2025\/02\/image-56-300x135.png 300w, https:\/\/media1.jensgustafsson.se\/2025\/02\/image-56-768x346.png 768w, https:\/\/media1.jensgustafsson.se\/2025\/02\/image-56-1536x692.png 1536w, https:\/\/media1.jensgustafsson.se\/2025\/02\/image-56-500x225.png 500w, https:\/\/media1.jensgustafsson.se\/2025\/02\/image-56.png 1849w\" sizes=\"auto, (max-width: 1024px) 100vw, 1024px\" \/><figcaption class=\"wp-element-caption\"><strong><em>M\u00e5nadens medeltemperatur \u00e4r t.o.m. idag 0,4 grader varmare&nbsp; j\u00e4mf\u00f6rt mot den normala.<\/em><\/strong><\/figcaption><\/figure>\n\n\n\n<figure class=\"wp-block-image size-large\"><img loading=\"lazy\" decoding=\"async\" width=\"1024\" height=\"529\" src=\"https:\/\/media1.jensgustafsson.se\/2025\/02\/image-57-1024x529.png\" alt=\"\" class=\"wp-image-35131\" srcset=\"https:\/\/media1.jensgustafsson.se\/2025\/02\/image-57-1024x529.png 1024w, https:\/\/media1.jensgustafsson.se\/2025\/02\/image-57-300x155.png 300w, https:\/\/media1.jensgustafsson.se\/2025\/02\/image-57-768x397.png 768w, https:\/\/media1.jensgustafsson.se\/2025\/02\/image-57-500x258.png 500w, https:\/\/media1.jensgustafsson.se\/2025\/02\/image-57.png 1487w\" sizes=\"auto, (max-width: 1024px) 100vw, 1024px\" \/><figcaption class=\"wp-element-caption\"><strong><em>M\u00e5nadens nederb\u00f6rd \u00e4r t.o.m. idag 21 % av den normala.<\/em><\/strong><\/figcaption><\/figure>\n","protected":false},"excerpt":{"rendered":"<p>Idag \u00e4r det dygn nummer 7 i str\u00e4ck med en dygnsmedeltemperatur \u00f6ver 0 grader. Det inneb\u00e4r att den meteorologiska v\u00e5ren kom till F\u00e5gelfors den 22 februari i \u00e5r. I morgon g\u00e5r vi in i den 1:a av de 3 kalendariska &hellip; <a href=\"https:\/\/jensgustafsson.se\/?p=35126\">Forts\u00e4tt l\u00e4sa <span class=\"meta-nav\">&rarr;<\/span><\/a><\/p>\n","protected":false},"author":1,"featured_media":0,"comment_status":"open","ping_status":"","sticky":false,"template":"","format":"standard","meta":{"footnotes":""},"categories":[10],"tags":[],"class_list":["post-35126","post","type-post","status-publish","format-standard","hentry","category-vaderdagbok-2013"],"_links":{"self":[{"href":"https:\/\/jensgustafsson.se\/index.php?rest_route=\/wp\/v2\/posts\/35126","targetHints":{"allow":["GET"]}}],"collection":[{"href":"https:\/\/jensgustafsson.se\/index.php?rest_route=\/wp\/v2\/posts"}],"about":[{"href":"https:\/\/jensgustafsson.se\/index.php?rest_route=\/wp\/v2\/types\/post"}],"author":[{"embeddable":true,"href":"https:\/\/jensgustafsson.se\/index.php?rest_route=\/wp\/v2\/users\/1"}],"replies":[{"embeddable":true,"href":"https:\/\/jensgustafsson.se\/index.php?rest_route=%2Fwp%2Fv2%2Fcomments&post=35126"}],"version-history":[{"count":5,"href":"https:\/\/jensgustafsson.se\/index.php?rest_route=\/wp\/v2\/posts\/35126\/revisions"}],"predecessor-version":[{"id":35135,"href":"https:\/\/jensgustafsson.se\/index.php?rest_route=\/wp\/v2\/posts\/35126\/revisions\/35135"}],"wp:attachment":[{"href":"https:\/\/jensgustafsson.se\/index.php?rest_route=%2Fwp%2Fv2%2Fmedia&parent=35126"}],"wp:term":[{"taxonomy":"category","embeddable":true,"href":"https:\/\/jensgustafsson.se\/index.php?rest_route=%2Fwp%2Fv2%2Fcategories&post=35126"},{"taxonomy":"post_tag","embeddable":true,"href":"https:\/\/jensgustafsson.se\/index.php?rest_route=%2Fwp%2Fv2%2Ftags&post=35126"}],"curies":[{"name":"wp","href":"https:\/\/api.w.org\/{rel}","templated":true}]}}