{"id":35173,"date":"2025-03-01T18:30:05","date_gmt":"2025-03-01T17:30:05","guid":{"rendered":"https:\/\/jensgustafsson.se\/?p=35173"},"modified":"2025-03-01T18:30:05","modified_gmt":"2025-03-01T17:30:05","slug":"lordag-1-mars-2025","status":"publish","type":"post","link":"https:\/\/jensgustafsson.se\/?p=35173","title":{"rendered":"L\u00f6rdag 1 mars 2025."},"content":{"rendered":"\n<p class=\"has-medium-font-size\"><em>En klar och kall natt med flera minusgrader blev det. P\u00e5 morgonen var det dimmoln, men de l\u00e4ttade p\u00e5 f\u00f6rmiddagen, och vi fick en solig och fin v\u00e5rdag, med en v\u00e4rmande sol. Under senare delen av eftermiddagen har det dragit upp lite tunna moln.<\/em><\/p>\n\n\n\n<p class=\"has-medium-font-size\"><em>Nattens l\u00e4gsta temperatur blev -5,3 grader, och den h\u00f6gsta blev +8,8 grader.<\/em><\/p>\n\n\n\n<p class=\"has-medium-font-size\"><em>Vinden har varit svag till m\u00e5ttlig, mestadels v\u00e4stlig.<\/em><\/p>\n\n\n\n<figure class=\"wp-block-image size-large\"><img loading=\"lazy\" decoding=\"async\" width=\"1024\" height=\"703\" src=\"https:\/\/media1.jensgustafsson.se\/2025\/03\/DSC_1231-1024x703.jpg\" alt=\"\" class=\"wp-image-35174\" srcset=\"https:\/\/media1.jensgustafsson.se\/2025\/03\/DSC_1231-1024x703.jpg 1024w, https:\/\/media1.jensgustafsson.se\/2025\/03\/DSC_1231-300x206.jpg 300w, https:\/\/media1.jensgustafsson.se\/2025\/03\/DSC_1231-768x527.jpg 768w, https:\/\/media1.jensgustafsson.se\/2025\/03\/DSC_1231-1536x1054.jpg 1536w, https:\/\/media1.jensgustafsson.se\/2025\/03\/DSC_1231-2048x1405.jpg 2048w, https:\/\/media1.jensgustafsson.se\/2025\/03\/DSC_1231-437x300.jpg 437w\" sizes=\"auto, (max-width: 1024px) 100vw, 1024px\" \/><figcaption class=\"wp-element-caption\"><em><strong>Vid sj\u00f6n \u00c4lmten, Farshult i eftermiddag. Ganska mycket is kvar d\u00e4r \u00e4nnu.<\/strong><\/em><\/figcaption><\/figure>\n\n\n\n<p class=\"has-medium-font-size\"><em>En sammanfattning fr\u00e5n min v\u00e4derstation, f\u00f6r de senaste 24 timmarna:<\/em><\/p>\n\n\n\n<p class=\"has-medium-font-size\"><strong>20250301 kl. 18.30<br \/>Min. temp: -5,3 \u00b0C<br \/>Max. temp: 8,8 \u00b0C<br \/>Min. lufttryck: 1020,1 hPa<br \/>Max. lufttryck: 1022,5 hPa<br \/>Min.luftfuktigh. 49 %<br \/>Max.luftfuktigh. 86 %<br \/>Domin. vindriktn.: V\u00e4stlig<br \/>Maxvind: 6 m\/s.<br \/>Nederb\u00f6rd: 0 mm<br \/>Meteorologisk \u00e5rstid: V\u00e5r<br \/>Kalendarisk \u00e5rstid: V\u00e5rm\u00e5nad 1 av 3<br \/>Sn\u00f6djup: Barmark<\/strong><\/p>\n\n\n\n<figure class=\"wp-block-image size-large\"><img loading=\"lazy\" decoding=\"async\" width=\"1024\" height=\"456\" src=\"https:\/\/media1.jensgustafsson.se\/2025\/03\/image-9-1024x456.png\" alt=\"\" class=\"wp-image-35177\" srcset=\"https:\/\/media1.jensgustafsson.se\/2025\/03\/image-9-1024x456.png 1024w, https:\/\/media1.jensgustafsson.se\/2025\/03\/image-9-300x133.png 300w, https:\/\/media1.jensgustafsson.se\/2025\/03\/image-9-768x342.png 768w, https:\/\/media1.jensgustafsson.se\/2025\/03\/image-9-1536x683.png 1536w, https:\/\/media1.jensgustafsson.se\/2025\/03\/image-9-500x222.png 500w, https:\/\/media1.jensgustafsson.se\/2025\/03\/image-9.png 1845w\" sizes=\"auto, (max-width: 1024px) 100vw, 1024px\" \/><figcaption class=\"wp-element-caption\"><strong><em>M\u00e5nadens medeltemperatur \u00e4r t.o.m. idag 0,1\u00a0 grad h\u00f6gre\u00a0 j\u00e4mf\u00f6rt mot den normala.<\/em><\/strong><\/figcaption><\/figure>\n\n\n\n<p><\/p>\n","protected":false},"excerpt":{"rendered":"<p>En klar och kall natt med flera minusgrader blev det. P\u00e5 morgonen var det dimmoln, men de l\u00e4ttade p\u00e5 f\u00f6rmiddagen, och vi fick en solig och fin v\u00e5rdag, med en v\u00e4rmande sol. Under senare delen av eftermiddagen har det dragit &hellip; <a href=\"https:\/\/jensgustafsson.se\/?p=35173\">Forts\u00e4tt l\u00e4sa <span class=\"meta-nav\">&rarr;<\/span><\/a><\/p>\n","protected":false},"author":1,"featured_media":0,"comment_status":"open","ping_status":"","sticky":false,"template":"","format":"standard","meta":{"footnotes":""},"categories":[10],"tags":[],"class_list":["post-35173","post","type-post","status-publish","format-standard","hentry","category-vaderdagbok-2013"],"_links":{"self":[{"href":"https:\/\/jensgustafsson.se\/index.php?rest_route=\/wp\/v2\/posts\/35173","targetHints":{"allow":["GET"]}}],"collection":[{"href":"https:\/\/jensgustafsson.se\/index.php?rest_route=\/wp\/v2\/posts"}],"about":[{"href":"https:\/\/jensgustafsson.se\/index.php?rest_route=\/wp\/v2\/types\/post"}],"author":[{"embeddable":true,"href":"https:\/\/jensgustafsson.se\/index.php?rest_route=\/wp\/v2\/users\/1"}],"replies":[{"embeddable":true,"href":"https:\/\/jensgustafsson.se\/index.php?rest_route=%2Fwp%2Fv2%2Fcomments&post=35173"}],"version-history":[{"count":3,"href":"https:\/\/jensgustafsson.se\/index.php?rest_route=\/wp\/v2\/posts\/35173\/revisions"}],"predecessor-version":[{"id":35178,"href":"https:\/\/jensgustafsson.se\/index.php?rest_route=\/wp\/v2\/posts\/35173\/revisions\/35178"}],"wp:attachment":[{"href":"https:\/\/jensgustafsson.se\/index.php?rest_route=%2Fwp%2Fv2%2Fmedia&parent=35173"}],"wp:term":[{"taxonomy":"category","embeddable":true,"href":"https:\/\/jensgustafsson.se\/index.php?rest_route=%2Fwp%2Fv2%2Fcategories&post=35173"},{"taxonomy":"post_tag","embeddable":true,"href":"https:\/\/jensgustafsson.se\/index.php?rest_route=%2Fwp%2Fv2%2Ftags&post=35173"}],"curies":[{"name":"wp","href":"https:\/\/api.w.org\/{rel}","templated":true}]}}