{"id":35188,"date":"2025-03-03T17:01:42","date_gmt":"2025-03-03T16:01:42","guid":{"rendered":"https:\/\/jensgustafsson.se\/?p=35188"},"modified":"2025-03-03T17:01:42","modified_gmt":"2025-03-03T16:01:42","slug":"mandag-3-mars-2025","status":"publish","type":"post","link":"https:\/\/jensgustafsson.se\/?p=35188","title":{"rendered":"M\u00e5ndag 3 mars 2025."},"content":{"rendered":"\n<p class=\"has-medium-font-size\"><em>Den h\u00e4r dagen har vi haft v\u00e4xlande molnighet, men solen har dominerat. Det som dragit ner helhetsintrycket av det soliga v\u00e5rv\u00e4dret, \u00e4r den friska vinden vi har nu.<\/em><\/p>\n\n\n\n<p class=\"has-medium-font-size\"><em>Mycket milt just nu, med plusgrader b\u00e5de dag och natt. Den l\u00e4gsta temperaturen blev +3,6 grader, och den h\u00f6gsta blev +9,3 grader.<\/em><\/p>\n\n\n\n<p class=\"has-medium-font-size\"><em>Vinden har varit frisk med h\u00e5rda vindbyar. Vindriktningen har varit v\u00e4stlig.<\/em><\/p>\n\n\n\n<figure class=\"wp-block-image size-large\"><img loading=\"lazy\" decoding=\"async\" width=\"1024\" height=\"768\" src=\"https:\/\/media1.jensgustafsson.se\/2025\/03\/3-mars-2025-1024x768.jpg\" alt=\"\" class=\"wp-image-35191\" srcset=\"https:\/\/media1.jensgustafsson.se\/2025\/03\/3-mars-2025-1024x768.jpg 1024w, https:\/\/media1.jensgustafsson.se\/2025\/03\/3-mars-2025-300x225.jpg 300w, https:\/\/media1.jensgustafsson.se\/2025\/03\/3-mars-2025-768x576.jpg 768w, https:\/\/media1.jensgustafsson.se\/2025\/03\/3-mars-2025-1536x1152.jpg 1536w, https:\/\/media1.jensgustafsson.se\/2025\/03\/3-mars-2025-400x300.jpg 400w, https:\/\/media1.jensgustafsson.se\/2025\/03\/3-mars-2025.jpg 1808w\" sizes=\"auto, (max-width: 1024px) 100vw, 1024px\" \/><figcaption class=\"wp-element-caption\"><strong><em>I Drageryd i efttermiddag.<\/em><\/strong><\/figcaption><\/figure>\n\n\n\n<p class=\"has-medium-font-size\"><em>En sammanfattning fr\u00e5n min v\u00e4derstation, f\u00f6r de senaste 24 timmarna:<\/em><\/p>\n\n\n\n<p class=\"has-medium-font-size\"><strong>20250303 kl. 17.00<br \/>Min. temp: 3,6 \u00b0C<br \/>Max. temp: 9,3 \u00b0C<br \/>Min. lufttryck: 1009,1 hPa<br \/>Max. lufttryck: 1015,8 hPa<br \/>Min.luftfuktigh. 58 %<br \/>Max.luftfuktigh. 73 %<br \/>Domin. vindriktn.: V\u00e4stlig<br \/>Maxvind: 12 m\/s.<br \/>Nederb\u00f6rd: 0 mm<br \/>Meteorologisk \u00e5rstid: V\u00e5r<br \/>Kalendarisk \u00e5rstid: V\u00e5rm\u00e5nad 1 av 3<br \/>Sn\u00f6djup: Barmark<\/strong><\/p>\n\n\n\n<figure class=\"wp-block-image size-large\"><img loading=\"lazy\" decoding=\"async\" width=\"1024\" height=\"456\" src=\"https:\/\/media1.jensgustafsson.se\/2025\/03\/image-12-1024x456.png\" alt=\"\" class=\"wp-image-35189\" srcset=\"https:\/\/media1.jensgustafsson.se\/2025\/03\/image-12-1024x456.png 1024w, https:\/\/media1.jensgustafsson.se\/2025\/03\/image-12-300x133.png 300w, https:\/\/media1.jensgustafsson.se\/2025\/03\/image-12-768x342.png 768w, https:\/\/media1.jensgustafsson.se\/2025\/03\/image-12-1536x683.png 1536w, https:\/\/media1.jensgustafsson.se\/2025\/03\/image-12-500x222.png 500w, https:\/\/media1.jensgustafsson.se\/2025\/03\/image-12.png 1845w\" sizes=\"auto, (max-width: 1024px) 100vw, 1024px\" \/><figcaption class=\"wp-element-caption\"><strong><em>M\u00e5nadens medeltemperatur \u00e4r t.o.m. idag 2,9 grader h\u00f6gre&nbsp; j\u00e4mf\u00f6rt mot den normala.<\/em><\/strong><\/figcaption><\/figure>\n","protected":false},"excerpt":{"rendered":"<p>Den h\u00e4r dagen har vi haft v\u00e4xlande molnighet, men solen har dominerat. Det som dragit ner helhetsintrycket av det soliga v\u00e5rv\u00e4dret, \u00e4r den friska vinden vi har nu. Mycket milt just nu, med plusgrader b\u00e5de dag och natt. Den l\u00e4gsta &hellip; <a href=\"https:\/\/jensgustafsson.se\/?p=35188\">Forts\u00e4tt l\u00e4sa <span class=\"meta-nav\">&rarr;<\/span><\/a><\/p>\n","protected":false},"author":1,"featured_media":0,"comment_status":"open","ping_status":"","sticky":false,"template":"","format":"standard","meta":{"footnotes":""},"categories":[10],"tags":[],"class_list":["post-35188","post","type-post","status-publish","format-standard","hentry","category-vaderdagbok-2013"],"_links":{"self":[{"href":"https:\/\/jensgustafsson.se\/index.php?rest_route=\/wp\/v2\/posts\/35188","targetHints":{"allow":["GET"]}}],"collection":[{"href":"https:\/\/jensgustafsson.se\/index.php?rest_route=\/wp\/v2\/posts"}],"about":[{"href":"https:\/\/jensgustafsson.se\/index.php?rest_route=\/wp\/v2\/types\/post"}],"author":[{"embeddable":true,"href":"https:\/\/jensgustafsson.se\/index.php?rest_route=\/wp\/v2\/users\/1"}],"replies":[{"embeddable":true,"href":"https:\/\/jensgustafsson.se\/index.php?rest_route=%2Fwp%2Fv2%2Fcomments&post=35188"}],"version-history":[{"count":2,"href":"https:\/\/jensgustafsson.se\/index.php?rest_route=\/wp\/v2\/posts\/35188\/revisions"}],"predecessor-version":[{"id":35192,"href":"https:\/\/jensgustafsson.se\/index.php?rest_route=\/wp\/v2\/posts\/35188\/revisions\/35192"}],"wp:attachment":[{"href":"https:\/\/jensgustafsson.se\/index.php?rest_route=%2Fwp%2Fv2%2Fmedia&parent=35188"}],"wp:term":[{"taxonomy":"category","embeddable":true,"href":"https:\/\/jensgustafsson.se\/index.php?rest_route=%2Fwp%2Fv2%2Fcategories&post=35188"},{"taxonomy":"post_tag","embeddable":true,"href":"https:\/\/jensgustafsson.se\/index.php?rest_route=%2Fwp%2Fv2%2Ftags&post=35188"}],"curies":[{"name":"wp","href":"https:\/\/api.w.org\/{rel}","templated":true}]}}