{"id":35196,"date":"2025-03-04T17:36:16","date_gmt":"2025-03-04T16:36:16","guid":{"rendered":"https:\/\/jensgustafsson.se\/?p=35196"},"modified":"2025-03-04T17:36:16","modified_gmt":"2025-03-04T16:36:16","slug":"tisdag-4-mars-2025","status":"publish","type":"post","link":"https:\/\/jensgustafsson.se\/?p=35196","title":{"rendered":"Tisdag 4 mars 2025."},"content":{"rendered":"\n<p class=\"has-medium-font-size\"><em>\u00c4nnu en dag med en hel del sol, men ocks\u00e5 lite moln d\u00e5 och d\u00e5.<\/em><\/p>\n\n\n\n<p class=\"has-medium-font-size\"><em>Milt v\u00e4der f\u00f6r att vara i b\u00f6rjan p\u00e5 mars. Den l\u00e4gsta temperaturen blev +5,2 grader, och den h\u00f6gsta blev +10,1 grader.<\/em><\/p>\n\n\n\n<p class=\"has-medium-font-size\"><em>Vinden har varit v\u00e4stlig, frisk och h\u00e5rda vindbyar \u00e4ven idag.<\/em><\/p>\n\n\n\n<figure class=\"wp-block-image size-large\"><img loading=\"lazy\" decoding=\"async\" width=\"1024\" height=\"683\" src=\"https:\/\/media1.jensgustafsson.se\/2025\/03\/DSC_1307-1024x683.jpg\" alt=\"\" class=\"wp-image-35200\" srcset=\"https:\/\/media1.jensgustafsson.se\/2025\/03\/DSC_1307-1024x683.jpg 1024w, https:\/\/media1.jensgustafsson.se\/2025\/03\/DSC_1307-300x200.jpg 300w, https:\/\/media1.jensgustafsson.se\/2025\/03\/DSC_1307-768x512.jpg 768w, https:\/\/media1.jensgustafsson.se\/2025\/03\/DSC_1307-1536x1024.jpg 1536w, https:\/\/media1.jensgustafsson.se\/2025\/03\/DSC_1307-2048x1365.jpg 2048w, https:\/\/media1.jensgustafsson.se\/2025\/03\/DSC_1307-450x300.jpg 450w\" sizes=\"auto, (max-width: 1024px) 100vw, 1024px\" \/><figcaption class=\"wp-element-caption\"><strong><em>De f\u00f6rsta bl\u00e5sipporna denna v\u00e5r hittade jag idag. Alltid lika speciellt med de f\u00f6rsta man uppt\u00e4cker, och som lite extra bonus, s\u00e5 var de rosaf\u00e4rgade.<\/em><\/strong><\/figcaption><\/figure>\n\n\n\n<p class=\"has-medium-font-size\"><em>En sammanfattning fr\u00e5n min v\u00e4derstation, f\u00f6r de senaste 24 timmarna:<\/em><\/p>\n\n\n\n<p class=\"has-medium-font-size\">2<em>0250304 kl. 17.00<br \/>Min. temp: 5,2 \u00b0C<br \/>Max. temp: 10,1 \u00b0C<br \/>Min. lufttryck: 1006,4 hPa<br \/>Max. lufttryck: 1010,2 hPa<br \/>Min.luftfuktigh. 54 %<br \/>Max.luftfuktigh. 72 %<br \/>Domin. vindriktn.: V\u00e4stlig<br \/>Maxvind: 13 m\/s.<br \/>Nederb\u00f6rd: 0 mm<br \/>Meteorologisk \u00e5rstid: V\u00e5r<br \/>Kalendarisk \u00e5rstid: V\u00e5rm\u00e5nad 1 av 3<br \/>Sn\u00f6djup: Barmark<\/em><\/p>\n\n\n\n<figure class=\"wp-block-image size-large\"><img loading=\"lazy\" decoding=\"async\" width=\"1024\" height=\"464\" src=\"https:\/\/media1.jensgustafsson.se\/2025\/03\/image-13-1024x464.png\" alt=\"\" class=\"wp-image-35197\" srcset=\"https:\/\/media1.jensgustafsson.se\/2025\/03\/image-13-1024x464.png 1024w, https:\/\/media1.jensgustafsson.se\/2025\/03\/image-13-300x136.png 300w, https:\/\/media1.jensgustafsson.se\/2025\/03\/image-13-768x348.png 768w, https:\/\/media1.jensgustafsson.se\/2025\/03\/image-13-1536x696.png 1536w, https:\/\/media1.jensgustafsson.se\/2025\/03\/image-13-500x227.png 500w, https:\/\/media1.jensgustafsson.se\/2025\/03\/image-13.png 1843w\" sizes=\"auto, (max-width: 1024px) 100vw, 1024px\" \/><figcaption class=\"wp-element-caption\"><strong><em>M\u00e5nadens medeltemperatur \u00e4r t.o.m. idag 3,7 grader h\u00f6gre&nbsp; j\u00e4mf\u00f6rt mot den normala.<\/em><\/strong><\/figcaption><\/figure>\n","protected":false},"excerpt":{"rendered":"<p>\u00c4nnu en dag med en hel del sol, men ocks\u00e5 lite moln d\u00e5 och d\u00e5. Milt v\u00e4der f\u00f6r att vara i b\u00f6rjan p\u00e5 mars. Den l\u00e4gsta temperaturen blev +5,2 grader, och den h\u00f6gsta blev +10,1 grader. Vinden har varit v\u00e4stlig, &hellip; <a href=\"https:\/\/jensgustafsson.se\/?p=35196\">Forts\u00e4tt l\u00e4sa <span class=\"meta-nav\">&rarr;<\/span><\/a><\/p>\n","protected":false},"author":1,"featured_media":0,"comment_status":"closed","ping_status":"","sticky":false,"template":"","format":"standard","meta":{"footnotes":""},"categories":[10],"tags":[],"class_list":["post-35196","post","type-post","status-publish","format-standard","hentry","category-vaderdagbok-2013"],"_links":{"self":[{"href":"https:\/\/jensgustafsson.se\/index.php?rest_route=\/wp\/v2\/posts\/35196","targetHints":{"allow":["GET"]}}],"collection":[{"href":"https:\/\/jensgustafsson.se\/index.php?rest_route=\/wp\/v2\/posts"}],"about":[{"href":"https:\/\/jensgustafsson.se\/index.php?rest_route=\/wp\/v2\/types\/post"}],"author":[{"embeddable":true,"href":"https:\/\/jensgustafsson.se\/index.php?rest_route=\/wp\/v2\/users\/1"}],"replies":[{"embeddable":true,"href":"https:\/\/jensgustafsson.se\/index.php?rest_route=%2Fwp%2Fv2%2Fcomments&post=35196"}],"version-history":[{"count":2,"href":"https:\/\/jensgustafsson.se\/index.php?rest_route=\/wp\/v2\/posts\/35196\/revisions"}],"predecessor-version":[{"id":35201,"href":"https:\/\/jensgustafsson.se\/index.php?rest_route=\/wp\/v2\/posts\/35196\/revisions\/35201"}],"wp:attachment":[{"href":"https:\/\/jensgustafsson.se\/index.php?rest_route=%2Fwp%2Fv2%2Fmedia&parent=35196"}],"wp:term":[{"taxonomy":"category","embeddable":true,"href":"https:\/\/jensgustafsson.se\/index.php?rest_route=%2Fwp%2Fv2%2Fcategories&post=35196"},{"taxonomy":"post_tag","embeddable":true,"href":"https:\/\/jensgustafsson.se\/index.php?rest_route=%2Fwp%2Fv2%2Ftags&post=35196"}],"curies":[{"name":"wp","href":"https:\/\/api.w.org\/{rel}","templated":true}]}}