{"id":35210,"date":"2025-03-06T17:16:07","date_gmt":"2025-03-06T16:16:07","guid":{"rendered":"https:\/\/jensgustafsson.se\/?p=35210"},"modified":"2025-03-06T17:16:07","modified_gmt":"2025-03-06T16:16:07","slug":"torsdag-6-mars-2025","status":"publish","type":"post","link":"https:\/\/jensgustafsson.se\/?p=35210","title":{"rendered":"Torsdag 6 mars 2025."},"content":{"rendered":"\n<p class=\"has-medium-font-size\"><em>P\u00e5 morgonen var det lite molnigt. Fram p\u00e5 f\u00f6rmiddagen l\u00e4ttade molnen, och resten av dagen har vi haft \u00f6verv\u00e4gande soligt v\u00e4der. Lite tunnare moln har f\u00f6rekommit d\u00e5 och d\u00e5, men i stort sett en mycket fin v\u00e5rdag.<\/em><\/p>\n\n\n\n<p class=\"has-medium-font-size\"><em>Riktig v\u00e5rv\u00e4rme \u00e4r \u00f6ver oss nu. Den l\u00e4gsta temperaturen blev +6,1 grader, och den h\u00f6gsta blev +13,6 grader. Vi h\u00f6jer allts\u00e5 ribban f\u00f6r 2025 \u00e5rs h\u00f6gsta temperaturen t.o.m. idag till +13,6 grader.<\/em><\/p>\n\n\n\n<p class=\"has-medium-font-size\"><em>Vinden fortsatte att vara frisk, byig, v\u00e4stlig, dock har den inte upplevts s\u00e5 kylig som den varit f\u00f6reg\u00e5ende dagar.<\/em><\/p>\n\n\n\n<figure class=\"wp-block-image size-large\"><img loading=\"lazy\" decoding=\"async\" width=\"1024\" height=\"683\" src=\"https:\/\/media1.jensgustafsson.se\/2025\/03\/DSC_1265-1024x683.jpg\" alt=\"\" class=\"wp-image-35215\" srcset=\"https:\/\/media1.jensgustafsson.se\/2025\/03\/DSC_1265-1024x683.jpg 1024w, https:\/\/media1.jensgustafsson.se\/2025\/03\/DSC_1265-300x200.jpg 300w, https:\/\/media1.jensgustafsson.se\/2025\/03\/DSC_1265-768x512.jpg 768w, https:\/\/media1.jensgustafsson.se\/2025\/03\/DSC_1265-1536x1024.jpg 1536w, https:\/\/media1.jensgustafsson.se\/2025\/03\/DSC_1265-2048x1365.jpg 2048w, https:\/\/media1.jensgustafsson.se\/2025\/03\/DSC_1265-450x300.jpg 450w\" sizes=\"auto, (max-width: 1024px) 100vw, 1024px\" \/><figcaption class=\"wp-element-caption\"><strong><em>En fin v\u00e5rdag med sol och v\u00e4rme.<\/em><\/strong><\/figcaption><\/figure>\n\n\n\n<p class=\"has-medium-font-size\"><em>En sammanfattning fr\u00e5n min v\u00e4derstation, f\u00f6r de senaste 24 timmarna:<\/em><\/p>\n\n\n\n<p class=\"has-medium-font-size\"><strong>20250306 kl. 17.00<br \/>Min. temp: 6,1 \u00b0C<br \/>Max. temp: 13,6 \u00b0C<br \/>Min. lufttryck: 1002,5 hPa<br \/>Max. lufttryck: 1008,2 hPa<br \/>Min.luftfuktigh. 63 %<br \/>Max.luftfuktigh. 77 %<br \/>Domin. vindriktn.: V\u00e4stlig<br \/>Maxvind: 14 m\/s.<br \/>Nederb\u00f6rd: 0 mm<br \/>Meteorologisk \u00e5rstid: V\u00e5r<br \/>Kalendarisk \u00e5rstid: V\u00e5rm\u00e5nad 1 av 3<\/strong><\/p>\n\n\n\n<figure class=\"wp-block-image size-large\"><img loading=\"lazy\" decoding=\"async\" width=\"1024\" height=\"464\" src=\"https:\/\/media1.jensgustafsson.se\/2025\/03\/image-15-1024x464.png\" alt=\"\" class=\"wp-image-35211\" srcset=\"https:\/\/media1.jensgustafsson.se\/2025\/03\/image-15-1024x464.png 1024w, https:\/\/media1.jensgustafsson.se\/2025\/03\/image-15-300x136.png 300w, https:\/\/media1.jensgustafsson.se\/2025\/03\/image-15-768x348.png 768w, https:\/\/media1.jensgustafsson.se\/2025\/03\/image-15-1536x696.png 1536w, https:\/\/media1.jensgustafsson.se\/2025\/03\/image-15-500x227.png 500w, https:\/\/media1.jensgustafsson.se\/2025\/03\/image-15.png 1843w\" sizes=\"auto, (max-width: 1024px) 100vw, 1024px\" \/><figcaption class=\"wp-element-caption\"><strong><em>M\u00e5nadens medeltemperatur \u00e4r t.o.m. idag 4,8 grader h\u00f6gre&nbsp; j\u00e4mf\u00f6rt mot den normala.<\/em><\/strong><\/figcaption><\/figure>\n\n\n\n<figure class=\"wp-block-image size-large\"><img loading=\"lazy\" decoding=\"async\" width=\"1024\" height=\"525\" src=\"https:\/\/media1.jensgustafsson.se\/2025\/03\/image-16-1024x525.png\" alt=\"\" class=\"wp-image-35212\" srcset=\"https:\/\/media1.jensgustafsson.se\/2025\/03\/image-16-1024x525.png 1024w, https:\/\/media1.jensgustafsson.se\/2025\/03\/image-16-300x154.png 300w, https:\/\/media1.jensgustafsson.se\/2025\/03\/image-16-768x394.png 768w, https:\/\/media1.jensgustafsson.se\/2025\/03\/image-16-500x256.png 500w, https:\/\/media1.jensgustafsson.se\/2025\/03\/image-16.png 1485w\" sizes=\"auto, (max-width: 1024px) 100vw, 1024px\" \/><figcaption class=\"wp-element-caption\"><strong><em>Ingen nederb\u00f6rd \u00e4n s\u00e5 l\u00e4nge denna m\u00e5nad.<\/em><\/strong><\/figcaption><\/figure>\n","protected":false},"excerpt":{"rendered":"<p>P\u00e5 morgonen var det lite molnigt. Fram p\u00e5 f\u00f6rmiddagen l\u00e4ttade molnen, och resten av dagen har vi haft \u00f6verv\u00e4gande soligt v\u00e4der. Lite tunnare moln har f\u00f6rekommit d\u00e5 och d\u00e5, men i stort sett en mycket fin v\u00e5rdag. Riktig v\u00e5rv\u00e4rme \u00e4r &hellip; <a href=\"https:\/\/jensgustafsson.se\/?p=35210\">Forts\u00e4tt l\u00e4sa <span class=\"meta-nav\">&rarr;<\/span><\/a><\/p>\n","protected":false},"author":1,"featured_media":0,"comment_status":"closed","ping_status":"","sticky":false,"template":"","format":"standard","meta":{"footnotes":""},"categories":[10],"tags":[],"class_list":["post-35210","post","type-post","status-publish","format-standard","hentry","category-vaderdagbok-2013"],"_links":{"self":[{"href":"https:\/\/jensgustafsson.se\/index.php?rest_route=\/wp\/v2\/posts\/35210","targetHints":{"allow":["GET"]}}],"collection":[{"href":"https:\/\/jensgustafsson.se\/index.php?rest_route=\/wp\/v2\/posts"}],"about":[{"href":"https:\/\/jensgustafsson.se\/index.php?rest_route=\/wp\/v2\/types\/post"}],"author":[{"embeddable":true,"href":"https:\/\/jensgustafsson.se\/index.php?rest_route=\/wp\/v2\/users\/1"}],"replies":[{"embeddable":true,"href":"https:\/\/jensgustafsson.se\/index.php?rest_route=%2Fwp%2Fv2%2Fcomments&post=35210"}],"version-history":[{"count":3,"href":"https:\/\/jensgustafsson.se\/index.php?rest_route=\/wp\/v2\/posts\/35210\/revisions"}],"predecessor-version":[{"id":35216,"href":"https:\/\/jensgustafsson.se\/index.php?rest_route=\/wp\/v2\/posts\/35210\/revisions\/35216"}],"wp:attachment":[{"href":"https:\/\/jensgustafsson.se\/index.php?rest_route=%2Fwp%2Fv2%2Fmedia&parent=35210"}],"wp:term":[{"taxonomy":"category","embeddable":true,"href":"https:\/\/jensgustafsson.se\/index.php?rest_route=%2Fwp%2Fv2%2Fcategories&post=35210"},{"taxonomy":"post_tag","embeddable":true,"href":"https:\/\/jensgustafsson.se\/index.php?rest_route=%2Fwp%2Fv2%2Ftags&post=35210"}],"curies":[{"name":"wp","href":"https:\/\/api.w.org\/{rel}","templated":true}]}}