{"id":35217,"date":"2025-03-07T16:54:23","date_gmt":"2025-03-07T15:54:23","guid":{"rendered":"https:\/\/jensgustafsson.se\/?p=35217"},"modified":"2025-03-07T16:54:23","modified_gmt":"2025-03-07T15:54:23","slug":"fredag-7-mars-2025","status":"publish","type":"post","link":"https:\/\/jensgustafsson.se\/?p=35217","title":{"rendered":"Fredag 7 mars 2025."},"content":{"rendered":"\n<p class=\"has-medium-font-size\"><em>Natten till idag blev molnfri, och kyligt med frost p\u00e5 morgonen. D\u00e4refter fick vi en helt underbar v\u00e5rdag, med sol fr\u00e5n klarbl\u00e5 himmel.<\/em><\/p>\n\n\n\n<p class=\"has-medium-font-size\"><em>Den l\u00e4gsta temperaturen blev -0,8 grader<\/em>, och den h\u00f6gsta blev +15,6 grader, vilket d\u00e5 blir det nya \u00e5rsh\u00f6gsta hittills detta \u00e5r.<\/p>\n\n\n\n<p class=\"has-medium-font-size\"><em>Vinden har varit svag till m\u00e5ttlig, och mestadels kommit fr\u00e5n sydv\u00e4st.<\/em><\/p>\n\n\n\n<figure class=\"wp-block-image size-large\"><img loading=\"lazy\" decoding=\"async\" width=\"1024\" height=\"683\" src=\"https:\/\/media1.jensgustafsson.se\/2025\/03\/DSC_1382-1024x683.jpg\" alt=\"\" class=\"wp-image-35219\" srcset=\"https:\/\/media1.jensgustafsson.se\/2025\/03\/DSC_1382-1024x683.jpg 1024w, https:\/\/media1.jensgustafsson.se\/2025\/03\/DSC_1382-300x200.jpg 300w, https:\/\/media1.jensgustafsson.se\/2025\/03\/DSC_1382-768x512.jpg 768w, https:\/\/media1.jensgustafsson.se\/2025\/03\/DSC_1382-1536x1024.jpg 1536w, https:\/\/media1.jensgustafsson.se\/2025\/03\/DSC_1382-2048x1365.jpg 2048w, https:\/\/media1.jensgustafsson.se\/2025\/03\/DSC_1382-450x300.jpg 450w\" sizes=\"auto, (max-width: 1024px) 100vw, 1024px\" \/><figcaption class=\"wp-element-caption\"><strong><em>Foto taget vid Saltor, strax innan soluppg\u00e5ngen idag.<\/em><\/strong><\/figcaption><\/figure>\n\n\n\n<p class=\"has-medium-font-size\"><em>En sammanfattning fr\u00e5n min v\u00e4derstation, f\u00f6r de senaste 24 timmarna:<\/em><\/p>\n\n\n\n<p class=\"has-medium-font-size\"><strong>20250307 kl. 17.00<br \/>Min. temp: -0,8 \u00b0C<br \/>Max. temp: 15,6 \u00b0C<br \/>Min. lufttryck: 1008,1 hPa<br \/>Max. lufttryck: 1014,1 hPa<br \/>Min.luftfuktigh. 36 %<br \/>Max.luftfuktigh. 81 %<br \/>Domin. vindriktn.: Sydv\u00e4stlig<br \/>Maxvind: 7 m\/s.<br \/>Nederb\u00f6rd: 0<br \/>Meteorologisk \u00e5rstid: V\u00e5r<br \/>Kalendarisk \u00e5rstid: V\u00e5rm\u00e5nad 1 av 3<\/strong><\/p>\n\n\n\n<figure class=\"wp-block-image size-large\"><img loading=\"lazy\" decoding=\"async\" width=\"1024\" height=\"464\" src=\"https:\/\/media1.jensgustafsson.se\/2025\/03\/image-17-1024x464.png\" alt=\"\" class=\"wp-image-35221\" srcset=\"https:\/\/media1.jensgustafsson.se\/2025\/03\/image-17-1024x464.png 1024w, https:\/\/media1.jensgustafsson.se\/2025\/03\/image-17-300x136.png 300w, https:\/\/media1.jensgustafsson.se\/2025\/03\/image-17-768x348.png 768w, https:\/\/media1.jensgustafsson.se\/2025\/03\/image-17-1536x696.png 1536w, https:\/\/media1.jensgustafsson.se\/2025\/03\/image-17-500x227.png 500w, https:\/\/media1.jensgustafsson.se\/2025\/03\/image-17.png 1843w\" sizes=\"auto, (max-width: 1024px) 100vw, 1024px\" \/><figcaption class=\"wp-element-caption\"><strong><em>M\u00e5nadens medeltemperatur \u00e4r t.o.m. idag 4,9 grader h\u00f6gre\u00a0 j\u00e4mf\u00f6rt mot den normala.<\/em><\/strong><\/figcaption><\/figure>\n\n\n\n<p><\/p>\n","protected":false},"excerpt":{"rendered":"<p>Natten till idag blev molnfri, och kyligt med frost p\u00e5 morgonen. D\u00e4refter fick vi en helt underbar v\u00e5rdag, med sol fr\u00e5n klarbl\u00e5 himmel. Den l\u00e4gsta temperaturen blev -0,8 grader, och den h\u00f6gsta blev +15,6 grader, vilket d\u00e5 blir det nya &hellip; <a href=\"https:\/\/jensgustafsson.se\/?p=35217\">Forts\u00e4tt l\u00e4sa <span class=\"meta-nav\">&rarr;<\/span><\/a><\/p>\n","protected":false},"author":1,"featured_media":0,"comment_status":"open","ping_status":"","sticky":false,"template":"","format":"standard","meta":{"footnotes":""},"categories":[10],"tags":[],"class_list":["post-35217","post","type-post","status-publish","format-standard","hentry","category-vaderdagbok-2013"],"_links":{"self":[{"href":"https:\/\/jensgustafsson.se\/index.php?rest_route=\/wp\/v2\/posts\/35217","targetHints":{"allow":["GET"]}}],"collection":[{"href":"https:\/\/jensgustafsson.se\/index.php?rest_route=\/wp\/v2\/posts"}],"about":[{"href":"https:\/\/jensgustafsson.se\/index.php?rest_route=\/wp\/v2\/types\/post"}],"author":[{"embeddable":true,"href":"https:\/\/jensgustafsson.se\/index.php?rest_route=\/wp\/v2\/users\/1"}],"replies":[{"embeddable":true,"href":"https:\/\/jensgustafsson.se\/index.php?rest_route=%2Fwp%2Fv2%2Fcomments&post=35217"}],"version-history":[{"count":4,"href":"https:\/\/jensgustafsson.se\/index.php?rest_route=\/wp\/v2\/posts\/35217\/revisions"}],"predecessor-version":[{"id":35223,"href":"https:\/\/jensgustafsson.se\/index.php?rest_route=\/wp\/v2\/posts\/35217\/revisions\/35223"}],"wp:attachment":[{"href":"https:\/\/jensgustafsson.se\/index.php?rest_route=%2Fwp%2Fv2%2Fmedia&parent=35217"}],"wp:term":[{"taxonomy":"category","embeddable":true,"href":"https:\/\/jensgustafsson.se\/index.php?rest_route=%2Fwp%2Fv2%2Fcategories&post=35217"},{"taxonomy":"post_tag","embeddable":true,"href":"https:\/\/jensgustafsson.se\/index.php?rest_route=%2Fwp%2Fv2%2Ftags&post=35217"}],"curies":[{"name":"wp","href":"https:\/\/api.w.org\/{rel}","templated":true}]}}