{"id":35224,"date":"2025-03-08T17:16:30","date_gmt":"2025-03-08T16:16:30","guid":{"rendered":"https:\/\/jensgustafsson.se\/?p=35224"},"modified":"2025-03-08T17:16:30","modified_gmt":"2025-03-08T16:16:30","slug":"lordag-8-mars-2025","status":"publish","type":"post","link":"https:\/\/jensgustafsson.se\/?p=35224","title":{"rendered":"L\u00f6rdag 8 mars 2025."},"content":{"rendered":"\n<p class=\"has-medium-font-size\"><em>P\u00e5 morgonen var det bara lite l\u00e4tt molnighet vid soluppg\u00e5ngen. Under f\u00f6rmiddagen drog det sedan snabbt upp dimmoln, och de l\u00e5g kvar till lunchtid ungef\u00e4r, innan de luckrades upp. Eftermiddagen har varit solig med i princip molnfri himmel. I och med solen, och knappast ingen vind, har eftermiddagen varit riktigt sk\u00f6n.<\/em><\/p>\n\n\n\n<p class=\"has-medium-font-size\"><em>Nattens l\u00e4gsta temperatur blev +1,1 grader, och den h\u00f6gsta dagstemperaturen blev +12,9 grader, allts\u00e5 inte riktigt lika varmt som ig\u00e5r, men klart godk\u00e4nt v\u00e5rv\u00e4der.<\/em><\/p>\n\n\n\n<p class=\"has-medium-font-size\"><em>Vinden har varit svag, sydv\u00e4stlig.<\/em><\/p>\n\n\n\n<figure class=\"wp-block-image size-large\"><img loading=\"lazy\" decoding=\"async\" width=\"1024\" height=\"683\" src=\"https:\/\/media1.jensgustafsson.se\/2025\/03\/DSC_1471-1024x683.jpg\" alt=\"\" class=\"wp-image-35226\" srcset=\"https:\/\/media1.jensgustafsson.se\/2025\/03\/DSC_1471-1024x683.jpg 1024w, https:\/\/media1.jensgustafsson.se\/2025\/03\/DSC_1471-300x200.jpg 300w, https:\/\/media1.jensgustafsson.se\/2025\/03\/DSC_1471-768x512.jpg 768w, https:\/\/media1.jensgustafsson.se\/2025\/03\/DSC_1471-1536x1024.jpg 1536w, https:\/\/media1.jensgustafsson.se\/2025\/03\/DSC_1471-2048x1365.jpg 2048w, https:\/\/media1.jensgustafsson.se\/2025\/03\/DSC_1471-450x300.jpg 450w\" sizes=\"auto, (max-width: 1024px) 100vw, 1024px\" \/><figcaption class=\"wp-element-caption\"><strong><em>Vid Klobosj\u00f6n p\u00e5 morgonen idag.<\/em><\/strong><\/figcaption><\/figure>\n\n\n\n<p class=\"has-medium-font-size\"><em>En sammanfattning fr\u00e5n min v\u00e4derstation, f\u00f6r de senaste 24 timmarna:<\/em><\/p>\n\n\n\n<p class=\"has-medium-font-size\"><strong>20250308 kl. 17.00<br \/>Min. temp: 1,1 \u00b0C<br \/>Max. temp: 12,9 \u00b0C<br \/>Min. lufttryck: 1012,6 hPa<br \/>Max. lufttryck: 1015,8 hPa<br \/>Min.luftfuktigh. 38 %<br \/>Max.luftfuktigh. 82 %<br \/>Domin. vindriktn.: Sydv\u00e4stlig<br \/>Maxvind: 4 m\/s.<br \/>Nederb\u00f6rd: 0 mm<br \/>Meteorologisk \u00e5rstid: V\u00e5r<br \/>Kalendarisk \u00e5rstid: V\u00e5rm\u00e5nad 1 av 3<\/strong><\/p>\n\n\n\n<figure class=\"wp-block-image size-large\"><img loading=\"lazy\" decoding=\"async\" width=\"1024\" height=\"464\" src=\"https:\/\/media1.jensgustafsson.se\/2025\/03\/image-18-1024x464.png\" alt=\"\" class=\"wp-image-35228\" srcset=\"https:\/\/media1.jensgustafsson.se\/2025\/03\/image-18-1024x464.png 1024w, https:\/\/media1.jensgustafsson.se\/2025\/03\/image-18-300x136.png 300w, https:\/\/media1.jensgustafsson.se\/2025\/03\/image-18-768x348.png 768w, https:\/\/media1.jensgustafsson.se\/2025\/03\/image-18-1536x696.png 1536w, https:\/\/media1.jensgustafsson.se\/2025\/03\/image-18-500x227.png 500w, https:\/\/media1.jensgustafsson.se\/2025\/03\/image-18.png 1843w\" sizes=\"auto, (max-width: 1024px) 100vw, 1024px\" \/><figcaption class=\"wp-element-caption\"><strong><em>M\u00e5nadens medeltemperatur \u00e4r t.o.m. idag 5 grader h\u00f6gre\u00a0 j\u00e4mf\u00f6rt mot den normala.<\/em><\/strong><\/figcaption><\/figure>\n","protected":false},"excerpt":{"rendered":"<p>P\u00e5 morgonen var det bara lite l\u00e4tt molnighet vid soluppg\u00e5ngen. Under f\u00f6rmiddagen drog det sedan snabbt upp dimmoln, och de l\u00e5g kvar till lunchtid ungef\u00e4r, innan de luckrades upp. Eftermiddagen har varit solig med i princip molnfri himmel. I och &hellip; <a href=\"https:\/\/jensgustafsson.se\/?p=35224\">Forts\u00e4tt l\u00e4sa <span class=\"meta-nav\">&rarr;<\/span><\/a><\/p>\n","protected":false},"author":1,"featured_media":0,"comment_status":"closed","ping_status":"","sticky":false,"template":"","format":"standard","meta":{"footnotes":""},"categories":[10],"tags":[],"class_list":["post-35224","post","type-post","status-publish","format-standard","hentry","category-vaderdagbok-2013"],"_links":{"self":[{"href":"https:\/\/jensgustafsson.se\/index.php?rest_route=\/wp\/v2\/posts\/35224","targetHints":{"allow":["GET"]}}],"collection":[{"href":"https:\/\/jensgustafsson.se\/index.php?rest_route=\/wp\/v2\/posts"}],"about":[{"href":"https:\/\/jensgustafsson.se\/index.php?rest_route=\/wp\/v2\/types\/post"}],"author":[{"embeddable":true,"href":"https:\/\/jensgustafsson.se\/index.php?rest_route=\/wp\/v2\/users\/1"}],"replies":[{"embeddable":true,"href":"https:\/\/jensgustafsson.se\/index.php?rest_route=%2Fwp%2Fv2%2Fcomments&post=35224"}],"version-history":[{"count":4,"href":"https:\/\/jensgustafsson.se\/index.php?rest_route=\/wp\/v2\/posts\/35224\/revisions"}],"predecessor-version":[{"id":35230,"href":"https:\/\/jensgustafsson.se\/index.php?rest_route=\/wp\/v2\/posts\/35224\/revisions\/35230"}],"wp:attachment":[{"href":"https:\/\/jensgustafsson.se\/index.php?rest_route=%2Fwp%2Fv2%2Fmedia&parent=35224"}],"wp:term":[{"taxonomy":"category","embeddable":true,"href":"https:\/\/jensgustafsson.se\/index.php?rest_route=%2Fwp%2Fv2%2Fcategories&post=35224"},{"taxonomy":"post_tag","embeddable":true,"href":"https:\/\/jensgustafsson.se\/index.php?rest_route=%2Fwp%2Fv2%2Ftags&post=35224"}],"curies":[{"name":"wp","href":"https:\/\/api.w.org\/{rel}","templated":true}]}}