{"id":35231,"date":"2025-03-09T18:12:37","date_gmt":"2025-03-09T17:12:37","guid":{"rendered":"https:\/\/jensgustafsson.se\/?p=35231"},"modified":"2025-03-09T18:12:37","modified_gmt":"2025-03-09T17:12:37","slug":"sondag-9-mars-2025","status":"publish","type":"post","link":"https:\/\/jensgustafsson.se\/?p=35231","title":{"rendered":"S\u00f6ndag 9 mars 2025."},"content":{"rendered":"\n<p class=\"has-medium-font-size\"><em>Under natten var det klart och n\u00e5gra minusgrader. P\u00e5 morgonen kom det dimma, och den var ganska t\u00e4t ett tag. Dimman gick upp\u00e5t efterhand under f\u00f6rmiddagen, men dimmolnen l\u00e5g kvar till efter lunch. Molnen luckrades upp under eftermiddagen, och solen har dominerat. Nu mot kv\u00e4llningen drar det \u00e5terigen in dimmoln.<\/em><\/p>\n\n\n\n<p class=\"has-medium-font-size\"><em>Dygnets l\u00e4gsta temperatur blev -2,2 grader, och de h\u00f6gsta temperaturen idag blev +8,6 grader. En betydlig s\u00e4nkning i temperaturen, j\u00e4mf\u00f6rt mot de senaste dagarnas behagliga v\u00e5rv\u00e4rme<\/em>.<\/p>\n\n\n\n<p class=\"has-medium-font-size\"><em>Vinden har varit svag, och har v\u00e4xlat riktning lite mellan nordv\u00e4st, nord, nordost, ost och sydost.<\/em><\/p>\n\n\n\n<figure class=\"wp-block-image size-large\"><img loading=\"lazy\" decoding=\"async\" width=\"1024\" height=\"683\" src=\"https:\/\/media1.jensgustafsson.se\/2025\/03\/DSC_1490-1024x683.jpg\" alt=\"\" class=\"wp-image-35234\" srcset=\"https:\/\/media1.jensgustafsson.se\/2025\/03\/DSC_1490-1024x683.jpg 1024w, https:\/\/media1.jensgustafsson.se\/2025\/03\/DSC_1490-300x200.jpg 300w, https:\/\/media1.jensgustafsson.se\/2025\/03\/DSC_1490-768x512.jpg 768w, https:\/\/media1.jensgustafsson.se\/2025\/03\/DSC_1490-1536x1024.jpg 1536w, https:\/\/media1.jensgustafsson.se\/2025\/03\/DSC_1490-2048x1365.jpg 2048w, https:\/\/media1.jensgustafsson.se\/2025\/03\/DSC_1490-450x300.jpg 450w\" sizes=\"auto, (max-width: 1024px) 100vw, 1024px\" \/><figcaption class=\"wp-element-caption\"><strong><em>Tjock dimma p\u00e5 morgonen idag.<\/em><\/strong><\/figcaption><\/figure>\n\n\n\n<figure class=\"wp-block-image size-large\"><img loading=\"lazy\" decoding=\"async\" width=\"1024\" height=\"768\" src=\"https:\/\/media1.jensgustafsson.se\/2025\/03\/9-mars-2025-1-1024x768.jpg\" alt=\"\" class=\"wp-image-35235\" srcset=\"https:\/\/media1.jensgustafsson.se\/2025\/03\/9-mars-2025-1-1024x768.jpg 1024w, https:\/\/media1.jensgustafsson.se\/2025\/03\/9-mars-2025-1-300x225.jpg 300w, https:\/\/media1.jensgustafsson.se\/2025\/03\/9-mars-2025-1-768x576.jpg 768w, https:\/\/media1.jensgustafsson.se\/2025\/03\/9-mars-2025-1-1536x1152.jpg 1536w, https:\/\/media1.jensgustafsson.se\/2025\/03\/9-mars-2025-1-400x300.jpg 400w, https:\/\/media1.jensgustafsson.se\/2025\/03\/9-mars-2025-1.jpg 1920w\" sizes=\"auto, (max-width: 1024px) 100vw, 1024px\" \/><figcaption class=\"wp-element-caption\"><strong><em>Solsken \u00f6ver Bruksdammen i eftermiddag.<\/em><\/strong><\/figcaption><\/figure>\n\n\n\n<p class=\"has-medium-font-size\"><em>En sammanfattning fr\u00e5n min v\u00e4derstation, f\u00f6r de senaste 24 timmarna:<\/em><\/p>\n\n\n\n<p class=\"has-medium-font-size\"><strong>20250309 kl. 17.00<br \/>Min. temp: -2,2 \u00b0C<br \/>Max. temp: 8,6 \u00b0C<br \/>Min. lufttryck: 1008,9 hPa<br \/>Max. lufttryck: 1015,7 hPa<br \/>Min.luftfuktigh. 60 %<br \/>Max.luftfuktigh. 84 %<br \/>Domin. vindriktn.: V\u00e4xlande<br \/>Maxvind: 3 m\/s.<br \/>Nederb\u00f6rd: 0 mm<br \/>Meteorologisk \u00e5rstid: V\u00e5r<br \/>Kalendarisk \u00e5rstid: V\u00e5rm\u00e5nad 1 av 3<\/strong><\/p>\n\n\n\n<figure class=\"wp-block-image size-large\"><img loading=\"lazy\" decoding=\"async\" width=\"1024\" height=\"464\" src=\"https:\/\/media1.jensgustafsson.se\/2025\/03\/image-19-1024x464.png\" alt=\"\" class=\"wp-image-35232\" srcset=\"https:\/\/media1.jensgustafsson.se\/2025\/03\/image-19-1024x464.png 1024w, https:\/\/media1.jensgustafsson.se\/2025\/03\/image-19-300x136.png 300w, https:\/\/media1.jensgustafsson.se\/2025\/03\/image-19-768x348.png 768w, https:\/\/media1.jensgustafsson.se\/2025\/03\/image-19-1536x696.png 1536w, https:\/\/media1.jensgustafsson.se\/2025\/03\/image-19-500x227.png 500w, https:\/\/media1.jensgustafsson.se\/2025\/03\/image-19.png 1843w\" sizes=\"auto, (max-width: 1024px) 100vw, 1024px\" \/><figcaption class=\"wp-element-caption\"><strong><em>M\u00e5nadens medeltemperatur \u00e4r t.o.m. idag 4,6 grader h\u00f6gre&nbsp; j\u00e4mf\u00f6rt mot den normala.<\/em><\/strong><\/figcaption><\/figure>\n\n\n\n<p><\/p>\n","protected":false},"excerpt":{"rendered":"<p>Under natten var det klart och n\u00e5gra minusgrader. P\u00e5 morgonen kom det dimma, och den var ganska t\u00e4t ett tag. Dimman gick upp\u00e5t efterhand under f\u00f6rmiddagen, men dimmolnen l\u00e5g kvar till efter lunch. Molnen luckrades upp under eftermiddagen, och solen &hellip; <a href=\"https:\/\/jensgustafsson.se\/?p=35231\">Forts\u00e4tt l\u00e4sa <span class=\"meta-nav\">&rarr;<\/span><\/a><\/p>\n","protected":false},"author":1,"featured_media":0,"comment_status":"open","ping_status":"","sticky":false,"template":"","format":"standard","meta":{"footnotes":""},"categories":[10],"tags":[],"class_list":["post-35231","post","type-post","status-publish","format-standard","hentry","category-vaderdagbok-2013"],"_links":{"self":[{"href":"https:\/\/jensgustafsson.se\/index.php?rest_route=\/wp\/v2\/posts\/35231","targetHints":{"allow":["GET"]}}],"collection":[{"href":"https:\/\/jensgustafsson.se\/index.php?rest_route=\/wp\/v2\/posts"}],"about":[{"href":"https:\/\/jensgustafsson.se\/index.php?rest_route=\/wp\/v2\/types\/post"}],"author":[{"embeddable":true,"href":"https:\/\/jensgustafsson.se\/index.php?rest_route=\/wp\/v2\/users\/1"}],"replies":[{"embeddable":true,"href":"https:\/\/jensgustafsson.se\/index.php?rest_route=%2Fwp%2Fv2%2Fcomments&post=35231"}],"version-history":[{"count":2,"href":"https:\/\/jensgustafsson.se\/index.php?rest_route=\/wp\/v2\/posts\/35231\/revisions"}],"predecessor-version":[{"id":35236,"href":"https:\/\/jensgustafsson.se\/index.php?rest_route=\/wp\/v2\/posts\/35231\/revisions\/35236"}],"wp:attachment":[{"href":"https:\/\/jensgustafsson.se\/index.php?rest_route=%2Fwp%2Fv2%2Fmedia&parent=35231"}],"wp:term":[{"taxonomy":"category","embeddable":true,"href":"https:\/\/jensgustafsson.se\/index.php?rest_route=%2Fwp%2Fv2%2Fcategories&post=35231"},{"taxonomy":"post_tag","embeddable":true,"href":"https:\/\/jensgustafsson.se\/index.php?rest_route=%2Fwp%2Fv2%2Ftags&post=35231"}],"curies":[{"name":"wp","href":"https:\/\/api.w.org\/{rel}","templated":true}]}}