{"id":35237,"date":"2025-03-10T17:33:52","date_gmt":"2025-03-10T16:33:52","guid":{"rendered":"https:\/\/jensgustafsson.se\/?p=35237"},"modified":"2025-03-10T17:33:52","modified_gmt":"2025-03-10T16:33:52","slug":"mandag-10-mars-2025","status":"publish","type":"post","link":"https:\/\/jensgustafsson.se\/?p=35237","title":{"rendered":"M\u00e5ndag 10 mars 2025."},"content":{"rendered":"\n<p class=\"has-medium-font-size\"><em>P\u00e5 morgonen var det dimmigt idag. Dimman l\u00e5g kvar en bit in p\u00e5 f\u00f6rmiddagen, d\u00e4refter b\u00f6rjade dimmolnen sakta att l\u00f6sas upp. Under eftermiddagen har vi haft lite v\u00e4xlande molnighet, med en del solstunder ocks\u00e5.<\/em> <em>Mot kv\u00e4llningen \u00f6kar molnigheten nu.<\/em><\/p>\n\n\n\n<p class=\"has-medium-font-size\"><em>Den l\u00e4gsta temperaturen i natt blev +0,6 grader, och den h\u00f6gsta dagstemperaturen blev +8,7 grader.<\/em><\/p>\n\n\n\n<p class=\"has-medium-font-size\"><em>Svag till m\u00e5ttlig, nordostlig vind idag.<\/em><\/p>\n\n\n\n<figure class=\"wp-block-image size-large\"><img loading=\"lazy\" decoding=\"async\" width=\"1024\" height=\"811\" src=\"https:\/\/media1.jensgustafsson.se\/2025\/03\/10-mars-2025-2-1024x811.jpg\" alt=\"\" class=\"wp-image-35238\" srcset=\"https:\/\/media1.jensgustafsson.se\/2025\/03\/10-mars-2025-2-1024x811.jpg 1024w, https:\/\/media1.jensgustafsson.se\/2025\/03\/10-mars-2025-2-300x237.jpg 300w, https:\/\/media1.jensgustafsson.se\/2025\/03\/10-mars-2025-2-768x608.jpg 768w, https:\/\/media1.jensgustafsson.se\/2025\/03\/10-mars-2025-2-1536x1216.jpg 1536w, https:\/\/media1.jensgustafsson.se\/2025\/03\/10-mars-2025-2-379x300.jpg 379w, https:\/\/media1.jensgustafsson.se\/2025\/03\/10-mars-2025-2.jpg 1819w\" sizes=\"auto, (max-width: 1024px) 100vw, 1024px\" \/><figcaption class=\"wp-element-caption\"><strong><em>Dimma och dis \u00f6ver Bruksdammen p\u00e5 f\u00f6rmiddagen idag.<\/em><\/strong><\/figcaption><\/figure>\n\n\n\n<p class=\"has-medium-font-size\"><em>En sammanfattning fr\u00e5n min v\u00e4derstation, f\u00f6r de senaste 24 timmarna:<\/em><\/p>\n\n\n\n<p class=\"has-medium-font-size\"><strong>20250310 kl. 17.00<br \/>Min. temp: 0,6<br \/>Max. temp: 8,7 \u00b0C<br \/>Min. lufttryck: 998,3 hPa<br \/>Max. lufttryck: 1009 hPa<br \/>Min.luftfuktigh. 72 %<br \/>Max.luftfuktigh. 87 %<br \/>Domin. vindriktn.: Nordostlig.<br \/>Maxvind: 6 m\/s.<br \/>Nederb\u00f6rd: 0 mm<br \/>Meteorologisk \u00e5rstid: V\u00e5r<br \/>Kalendarisk \u00e5rstid: V\u00e5rm\u00e5nad 1 av 3<\/strong><\/p>\n\n\n\n<figure class=\"wp-block-image size-large\"><img loading=\"lazy\" decoding=\"async\" width=\"1024\" height=\"464\" src=\"https:\/\/media1.jensgustafsson.se\/2025\/03\/image-20-1024x464.png\" alt=\"\" class=\"wp-image-35246\" srcset=\"https:\/\/media1.jensgustafsson.se\/2025\/03\/image-20-1024x464.png 1024w, https:\/\/media1.jensgustafsson.se\/2025\/03\/image-20-300x136.png 300w, https:\/\/media1.jensgustafsson.se\/2025\/03\/image-20-768x348.png 768w, https:\/\/media1.jensgustafsson.se\/2025\/03\/image-20-1536x696.png 1536w, https:\/\/media1.jensgustafsson.se\/2025\/03\/image-20-500x227.png 500w, https:\/\/media1.jensgustafsson.se\/2025\/03\/image-20.png 1843w\" sizes=\"auto, (max-width: 1024px) 100vw, 1024px\" \/><figcaption class=\"wp-element-caption\"><strong><em>M\u00e5nadens medeltemperatur \u00e4r t.o.m. idag 4,4 grader h\u00f6gre\u00a0 j\u00e4mf\u00f6rt mot den normala.<\/em><\/strong><\/figcaption><\/figure>\n\n\n\n<figure class=\"wp-block-image size-large\"><img loading=\"lazy\" decoding=\"async\" width=\"1024\" height=\"525\" src=\"https:\/\/media1.jensgustafsson.se\/2025\/03\/image-21-1024x525.png\" alt=\"\" class=\"wp-image-35247\" srcset=\"https:\/\/media1.jensgustafsson.se\/2025\/03\/image-21-1024x525.png 1024w, https:\/\/media1.jensgustafsson.se\/2025\/03\/image-21-300x154.png 300w, https:\/\/media1.jensgustafsson.se\/2025\/03\/image-21-768x394.png 768w, https:\/\/media1.jensgustafsson.se\/2025\/03\/image-21-500x256.png 500w, https:\/\/media1.jensgustafsson.se\/2025\/03\/image-21.png 1485w\" sizes=\"auto, (max-width: 1024px) 100vw, 1024px\" \/><figcaption class=\"wp-element-caption\"><strong><em>Ingen nederb\u00f6rd \u00e4nnu denna m\u00e5nad. Det beh\u00f6ver komma lite snart, f\u00f6r nu ligger vi efter med nederb\u00f6rden.<\/em><\/strong><\/figcaption><\/figure>\n","protected":false},"excerpt":{"rendered":"<p>P\u00e5 morgonen var det dimmigt idag. Dimman l\u00e5g kvar en bit in p\u00e5 f\u00f6rmiddagen, d\u00e4refter b\u00f6rjade dimmolnen sakta att l\u00f6sas upp. Under eftermiddagen har vi haft lite v\u00e4xlande molnighet, med en del solstunder ocks\u00e5. Mot kv\u00e4llningen \u00f6kar molnigheten nu. Den &hellip; <a href=\"https:\/\/jensgustafsson.se\/?p=35237\">Forts\u00e4tt l\u00e4sa <span class=\"meta-nav\">&rarr;<\/span><\/a><\/p>\n","protected":false},"author":1,"featured_media":0,"comment_status":"closed","ping_status":"","sticky":false,"template":"","format":"standard","meta":{"footnotes":""},"categories":[10],"tags":[],"class_list":["post-35237","post","type-post","status-publish","format-standard","hentry","category-vaderdagbok-2013"],"_links":{"self":[{"href":"https:\/\/jensgustafsson.se\/index.php?rest_route=\/wp\/v2\/posts\/35237","targetHints":{"allow":["GET"]}}],"collection":[{"href":"https:\/\/jensgustafsson.se\/index.php?rest_route=\/wp\/v2\/posts"}],"about":[{"href":"https:\/\/jensgustafsson.se\/index.php?rest_route=\/wp\/v2\/types\/post"}],"author":[{"embeddable":true,"href":"https:\/\/jensgustafsson.se\/index.php?rest_route=\/wp\/v2\/users\/1"}],"replies":[{"embeddable":true,"href":"https:\/\/jensgustafsson.se\/index.php?rest_route=%2Fwp%2Fv2%2Fcomments&post=35237"}],"version-history":[{"count":9,"href":"https:\/\/jensgustafsson.se\/index.php?rest_route=\/wp\/v2\/posts\/35237\/revisions"}],"predecessor-version":[{"id":35249,"href":"https:\/\/jensgustafsson.se\/index.php?rest_route=\/wp\/v2\/posts\/35237\/revisions\/35249"}],"wp:attachment":[{"href":"https:\/\/jensgustafsson.se\/index.php?rest_route=%2Fwp%2Fv2%2Fmedia&parent=35237"}],"wp:term":[{"taxonomy":"category","embeddable":true,"href":"https:\/\/jensgustafsson.se\/index.php?rest_route=%2Fwp%2Fv2%2Fcategories&post=35237"},{"taxonomy":"post_tag","embeddable":true,"href":"https:\/\/jensgustafsson.se\/index.php?rest_route=%2Fwp%2Fv2%2Ftags&post=35237"}],"curies":[{"name":"wp","href":"https:\/\/api.w.org\/{rel}","templated":true}]}}