{"id":35250,"date":"2025-03-11T17:01:54","date_gmt":"2025-03-11T16:01:54","guid":{"rendered":"https:\/\/jensgustafsson.se\/?p=35250"},"modified":"2025-03-11T17:01:54","modified_gmt":"2025-03-11T16:01:54","slug":"tisdag-11-mars-2025","status":"publish","type":"post","link":"https:\/\/jensgustafsson.se\/?p=35250","title":{"rendered":"Tisdag 11 mars 2025."},"content":{"rendered":"\n<p class=\"has-medium-font-size\"><em>V\u00e5ren f\u00e5r sig ett bakslag nu. En mulen, gr\u00e5 och kylig dag har vi haft idag. Vid n\u00e5got tillf\u00e4lle kom det ocks\u00e5 n\u00e5gra sn\u00f6korn.<\/em><\/p>\n\n\n\n<p class=\"has-medium-font-size\"><em>Den l\u00e4gsta temperaturen blev +0,9 grader, och den h\u00f6gsta blev +3,3 grader.<\/em><\/p>\n\n\n\n<p class=\"has-medium-font-size\"><em>Vinden har varit m\u00e5ttlig, nordostlig idag. Upplevts v\u00e4ldigt kylig.<\/em><\/p>\n\n\n\n<figure class=\"wp-block-image size-large\"><img loading=\"lazy\" decoding=\"async\" width=\"1024\" height=\"620\" src=\"https:\/\/media1.jensgustafsson.se\/2025\/03\/DSC_1516-1024x620.jpg\" alt=\"\" class=\"wp-image-35254\" srcset=\"https:\/\/media1.jensgustafsson.se\/2025\/03\/DSC_1516-1024x620.jpg 1024w, https:\/\/media1.jensgustafsson.se\/2025\/03\/DSC_1516-300x182.jpg 300w, https:\/\/media1.jensgustafsson.se\/2025\/03\/DSC_1516-768x465.jpg 768w, https:\/\/media1.jensgustafsson.se\/2025\/03\/DSC_1516-1536x930.jpg 1536w, https:\/\/media1.jensgustafsson.se\/2025\/03\/DSC_1516-2048x1240.jpg 2048w, https:\/\/media1.jensgustafsson.se\/2025\/03\/DSC_1516-496x300.jpg 496w\" sizes=\"auto, (max-width: 1024px) 100vw, 1024px\" \/><figcaption class=\"wp-element-caption\"><strong><em>De f\u00f6rsta fotona p\u00e5 tranor har jag tagit idag. Imorgon f\u00e5r de nog sn\u00f6 p\u00e5 sig, s\u00e4ger v\u00e4derprognosen.<\/em><\/strong><\/figcaption><\/figure>\n\n\n\n<p class=\"has-medium-font-size\"><em>En sammanfattning fr\u00e5n min v\u00e4derstation, f\u00f6r de senaste 24 timmarna:<\/em><\/p>\n\n\n\n<p class=\"has-medium-font-size\"><strong>20250311 kl. 17.00<br \/>Min. temp: 0,9 \u00b0C<br \/>Max. temp: 3,3 \u00b0C<br \/>Min. lufttryck: 998,3 hPa<br \/>Max. lufttryck: 999,7 hPa<br \/>Min.luftfuktigh. 70 %<br \/>Max.luftfuktigh. 87 %<br \/>Domin. vindriktn.: Nordostlig<br \/>Maxvind: 8 m\/s.<br \/>Nederb\u00f6rd: 0 mm<br \/>Meteorologisk \u00e5rstid: V\u00e5r<br \/>Kalendarisk \u00e5rstid: V\u00e5rm\u00e5nad 1 av 3<\/strong><\/p>\n\n\n\n<figure class=\"wp-block-image size-large\"><img loading=\"lazy\" decoding=\"async\" width=\"1024\" height=\"464\" src=\"https:\/\/media1.jensgustafsson.se\/2025\/03\/image-22-1024x464.png\" alt=\"\" class=\"wp-image-35251\" srcset=\"https:\/\/media1.jensgustafsson.se\/2025\/03\/image-22-1024x464.png 1024w, https:\/\/media1.jensgustafsson.se\/2025\/03\/image-22-300x136.png 300w, https:\/\/media1.jensgustafsson.se\/2025\/03\/image-22-768x348.png 768w, https:\/\/media1.jensgustafsson.se\/2025\/03\/image-22-1536x696.png 1536w, https:\/\/media1.jensgustafsson.se\/2025\/03\/image-22-500x227.png 500w, https:\/\/media1.jensgustafsson.se\/2025\/03\/image-22.png 1843w\" sizes=\"auto, (max-width: 1024px) 100vw, 1024px\" \/><figcaption class=\"wp-element-caption\"><strong><em>M\u00e5nadens medeltemperatur \u00e4r t.o.m. idag 4,1 grader h\u00f6gre&nbsp; j\u00e4mf\u00f6rt mot den normala.<\/em><\/strong><\/figcaption><\/figure>\n","protected":false},"excerpt":{"rendered":"<p>V\u00e5ren f\u00e5r sig ett bakslag nu. En mulen, gr\u00e5 och kylig dag har vi haft idag. Vid n\u00e5got tillf\u00e4lle kom det ocks\u00e5 n\u00e5gra sn\u00f6korn. Den l\u00e4gsta temperaturen blev +0,9 grader, och den h\u00f6gsta blev +3,3 grader. Vinden har varit m\u00e5ttlig, &hellip; <a href=\"https:\/\/jensgustafsson.se\/?p=35250\">Forts\u00e4tt l\u00e4sa <span class=\"meta-nav\">&rarr;<\/span><\/a><\/p>\n","protected":false},"author":1,"featured_media":0,"comment_status":"closed","ping_status":"","sticky":false,"template":"","format":"standard","meta":{"footnotes":""},"categories":[10],"tags":[],"class_list":["post-35250","post","type-post","status-publish","format-standard","hentry","category-vaderdagbok-2013"],"_links":{"self":[{"href":"https:\/\/jensgustafsson.se\/index.php?rest_route=\/wp\/v2\/posts\/35250","targetHints":{"allow":["GET"]}}],"collection":[{"href":"https:\/\/jensgustafsson.se\/index.php?rest_route=\/wp\/v2\/posts"}],"about":[{"href":"https:\/\/jensgustafsson.se\/index.php?rest_route=\/wp\/v2\/types\/post"}],"author":[{"embeddable":true,"href":"https:\/\/jensgustafsson.se\/index.php?rest_route=\/wp\/v2\/users\/1"}],"replies":[{"embeddable":true,"href":"https:\/\/jensgustafsson.se\/index.php?rest_route=%2Fwp%2Fv2%2Fcomments&post=35250"}],"version-history":[{"count":3,"href":"https:\/\/jensgustafsson.se\/index.php?rest_route=\/wp\/v2\/posts\/35250\/revisions"}],"predecessor-version":[{"id":35255,"href":"https:\/\/jensgustafsson.se\/index.php?rest_route=\/wp\/v2\/posts\/35250\/revisions\/35255"}],"wp:attachment":[{"href":"https:\/\/jensgustafsson.se\/index.php?rest_route=%2Fwp%2Fv2%2Fmedia&parent=35250"}],"wp:term":[{"taxonomy":"category","embeddable":true,"href":"https:\/\/jensgustafsson.se\/index.php?rest_route=%2Fwp%2Fv2%2Fcategories&post=35250"},{"taxonomy":"post_tag","embeddable":true,"href":"https:\/\/jensgustafsson.se\/index.php?rest_route=%2Fwp%2Fv2%2Ftags&post=35250"}],"curies":[{"name":"wp","href":"https:\/\/api.w.org\/{rel}","templated":true}]}}