{"id":35266,"date":"2025-03-13T17:07:17","date_gmt":"2025-03-13T16:07:17","guid":{"rendered":"https:\/\/jensgustafsson.se\/?p=35266"},"modified":"2025-03-13T17:07:17","modified_gmt":"2025-03-13T16:07:17","slug":"torsdag-13-mars-2025","status":"publish","type":"post","link":"https:\/\/jensgustafsson.se\/?p=35266","title":{"rendered":"Torsdag 13 mars 2025."},"content":{"rendered":"\n<p class=\"has-medium-font-size\"><em>Molnen har dominerat n\u00e4stan hela dagen. Undantaget var en stund i eftermiddag, d\u00e5 pl\u00f6tsligt molnt\u00e4cket sprack upp. Det blev kortvarigt, molnen tog \u00f6ver igen. Det har ocks\u00e5 f\u00f6rekommit en och annan sn\u00f6flinga i luften vid n\u00e5gra tillf\u00e4llen idag. Inget som g\u00e5r att m\u00e4ta.<\/em><\/p>\n\n\n\n<p class=\"has-medium-font-size\"><em>Den l\u00e4gsta temperaturen blev -0,4 grader, och den h\u00f6gsta blev +2,8 grader.<\/em><\/p>\n\n\n\n<p class=\"has-medium-font-size\"><em>Vinden m\u00e5ttlig, nordostlig. Vinden vrider mot nord nu i kv\u00e4ll.<\/em><\/p>\n\n\n\n<figure class=\"wp-block-image size-large\"><img loading=\"lazy\" decoding=\"async\" width=\"1024\" height=\"745\" src=\"https:\/\/media1.jensgustafsson.se\/2025\/03\/DSC_1528-1024x745.jpg\" alt=\"\" class=\"wp-image-35271\" srcset=\"https:\/\/media1.jensgustafsson.se\/2025\/03\/DSC_1528-1024x745.jpg 1024w, https:\/\/media1.jensgustafsson.se\/2025\/03\/DSC_1528-300x218.jpg 300w, https:\/\/media1.jensgustafsson.se\/2025\/03\/DSC_1528-768x558.jpg 768w, https:\/\/media1.jensgustafsson.se\/2025\/03\/DSC_1528-1536x1117.jpg 1536w, https:\/\/media1.jensgustafsson.se\/2025\/03\/DSC_1528-2048x1489.jpg 2048w, https:\/\/media1.jensgustafsson.se\/2025\/03\/DSC_1528-413x300.jpg 413w\" sizes=\"auto, (max-width: 1024px) 100vw, 1024px\" \/><figcaption class=\"wp-element-caption\"><strong><em>Sn\u00f6n ligger fortfarande kvar p\u00e5 tibasten p\u00e5 morgonen idag.<\/em><\/strong><\/figcaption><\/figure>\n\n\n\n<p class=\"has-medium-font-size\"><em>En sammanfattning fr\u00e5n min v\u00e4derstation, f\u00f6r de senaste 24 timmarna:<\/em><\/p>\n\n\n\n<p class=\"has-medium-font-size\"><strong>20250313 kl. 17.00<br \/>Min. temp: -0,4 \u00b0C<br \/>Max. temp: 2,8 \u00b0C<br \/>Min. lufttryck: 995 hPa<br \/>Max. lufttryck: 996,3 hPa<br \/>Min.luftfuktigh. 72 %<br \/>Max.luftfuktigh. 85 %<br \/>Domin. vindriktn.: Nordostlig<br \/>Maxvind: 7 m\/s.<br \/>Nederb\u00f6rd: 0 mm<br \/>Meteorologisk \u00e5rstid: V\u00e5r<br \/>Kalendarisk \u00e5rstid: V\u00e5rm\u00e5nad 1 av 3<br \/>Sn\u00f6djup: Bara fl\u00e4ckvis, ej m\u00e4tbart.<\/strong><\/p>\n\n\n\n<figure class=\"wp-block-image size-large\"><img loading=\"lazy\" decoding=\"async\" width=\"1024\" height=\"464\" src=\"https:\/\/media1.jensgustafsson.se\/2025\/03\/image-25-1024x464.png\" alt=\"\" class=\"wp-image-35267\" srcset=\"https:\/\/media1.jensgustafsson.se\/2025\/03\/image-25-1024x464.png 1024w, https:\/\/media1.jensgustafsson.se\/2025\/03\/image-25-300x136.png 300w, https:\/\/media1.jensgustafsson.se\/2025\/03\/image-25-768x348.png 768w, https:\/\/media1.jensgustafsson.se\/2025\/03\/image-25-1536x696.png 1536w, https:\/\/media1.jensgustafsson.se\/2025\/03\/image-25-500x227.png 500w, https:\/\/media1.jensgustafsson.se\/2025\/03\/image-25.png 1843w\" sizes=\"auto, (max-width: 1024px) 100vw, 1024px\" \/><figcaption class=\"wp-element-caption\"><strong><em>M\u00e5nadens medeltemperatur \u00e4r t.o.m. idag 3,3 grader h\u00f6gre&nbsp; j\u00e4mf\u00f6rt mot den normala.<\/em><\/strong><\/figcaption><\/figure>\n\n\n\n<figure class=\"wp-block-image size-large\"><img loading=\"lazy\" decoding=\"async\" width=\"1024\" height=\"525\" src=\"https:\/\/media1.jensgustafsson.se\/2025\/03\/image-26-1024x525.png\" alt=\"\" class=\"wp-image-35268\" srcset=\"https:\/\/media1.jensgustafsson.se\/2025\/03\/image-26-1024x525.png 1024w, https:\/\/media1.jensgustafsson.se\/2025\/03\/image-26-300x154.png 300w, https:\/\/media1.jensgustafsson.se\/2025\/03\/image-26-768x394.png 768w, https:\/\/media1.jensgustafsson.se\/2025\/03\/image-26-500x256.png 500w, https:\/\/media1.jensgustafsson.se\/2025\/03\/image-26.png 1485w\" sizes=\"auto, (max-width: 1024px) 100vw, 1024px\" \/><figcaption class=\"wp-element-caption\"><strong><em>M\u00e5nadens nederb\u00f6rd \u00e4r t.o.m. idag 23% av den normala.<\/em><\/strong><\/figcaption><\/figure>\n\n\n\n<p><\/p>\n","protected":false},"excerpt":{"rendered":"<p>Molnen har dominerat n\u00e4stan hela dagen. Undantaget var en stund i eftermiddag, d\u00e5 pl\u00f6tsligt molnt\u00e4cket sprack upp. Det blev kortvarigt, molnen tog \u00f6ver igen. Det har ocks\u00e5 f\u00f6rekommit en och annan sn\u00f6flinga i luften vid n\u00e5gra tillf\u00e4llen idag. Inget som &hellip; <a href=\"https:\/\/jensgustafsson.se\/?p=35266\">Forts\u00e4tt l\u00e4sa <span class=\"meta-nav\">&rarr;<\/span><\/a><\/p>\n","protected":false},"author":1,"featured_media":0,"comment_status":"closed","ping_status":"","sticky":false,"template":"","format":"standard","meta":{"footnotes":""},"categories":[10],"tags":[],"class_list":["post-35266","post","type-post","status-publish","format-standard","hentry","category-vaderdagbok-2013"],"_links":{"self":[{"href":"https:\/\/jensgustafsson.se\/index.php?rest_route=\/wp\/v2\/posts\/35266","targetHints":{"allow":["GET"]}}],"collection":[{"href":"https:\/\/jensgustafsson.se\/index.php?rest_route=\/wp\/v2\/posts"}],"about":[{"href":"https:\/\/jensgustafsson.se\/index.php?rest_route=\/wp\/v2\/types\/post"}],"author":[{"embeddable":true,"href":"https:\/\/jensgustafsson.se\/index.php?rest_route=\/wp\/v2\/users\/1"}],"replies":[{"embeddable":true,"href":"https:\/\/jensgustafsson.se\/index.php?rest_route=%2Fwp%2Fv2%2Fcomments&post=35266"}],"version-history":[{"count":4,"href":"https:\/\/jensgustafsson.se\/index.php?rest_route=\/wp\/v2\/posts\/35266\/revisions"}],"predecessor-version":[{"id":35273,"href":"https:\/\/jensgustafsson.se\/index.php?rest_route=\/wp\/v2\/posts\/35266\/revisions\/35273"}],"wp:attachment":[{"href":"https:\/\/jensgustafsson.se\/index.php?rest_route=%2Fwp%2Fv2%2Fmedia&parent=35266"}],"wp:term":[{"taxonomy":"category","embeddable":true,"href":"https:\/\/jensgustafsson.se\/index.php?rest_route=%2Fwp%2Fv2%2Fcategories&post=35266"},{"taxonomy":"post_tag","embeddable":true,"href":"https:\/\/jensgustafsson.se\/index.php?rest_route=%2Fwp%2Fv2%2Ftags&post=35266"}],"curies":[{"name":"wp","href":"https:\/\/api.w.org\/{rel}","templated":true}]}}