{"id":35291,"date":"2025-03-16T17:08:12","date_gmt":"2025-03-16T16:08:12","guid":{"rendered":"https:\/\/jensgustafsson.se\/?p=35291"},"modified":"2025-03-16T17:08:12","modified_gmt":"2025-03-16T16:08:12","slug":"sondag-16-mars-2025","status":"publish","type":"post","link":"https:\/\/jensgustafsson.se\/?p=35291","title":{"rendered":"S\u00f6ndag 16 mars 2025."},"content":{"rendered":"\n<p class=\"has-medium-font-size\"><em>Dagen b\u00f6rjade med ganska molnigt v\u00e4der. P\u00e5 f\u00f6rmiddagen var det v\u00e4xlande molnighet, men efter lunch t\u00e4tnade molnen allt mera, och det kom n\u00e5gra sn\u00f6flingor i luften ocks\u00e5. Efter det, s\u00e5 har molnt\u00e4cket spruckit upp, och nu skiner solen fr\u00e5n helt molnfri himmel.<\/em><\/p>\n\n\n\n<p class=\"has-medium-font-size\"><em>Den l\u00e4gsta temperaturen under natten blev +1,2 grader, och den h\u00f6gsta dagstemperaturen blev +6,4 grader.<\/em><\/p>\n\n\n\n<p class=\"has-medium-font-size\"><em>Vinden har varit m\u00e5ttlig till frisk, mestadels nordlig idag.<\/em><\/p>\n\n\n\n<figure class=\"wp-block-image size-large\"><img loading=\"lazy\" decoding=\"async\" width=\"1024\" height=\"682\" src=\"https:\/\/media1.jensgustafsson.se\/2025\/03\/DSC_1612-1024x682.jpg\" alt=\"\" class=\"wp-image-35297\" srcset=\"https:\/\/media1.jensgustafsson.se\/2025\/03\/DSC_1612-1024x682.jpg 1024w, https:\/\/media1.jensgustafsson.se\/2025\/03\/DSC_1612-300x200.jpg 300w, https:\/\/media1.jensgustafsson.se\/2025\/03\/DSC_1612-768x512.jpg 768w, https:\/\/media1.jensgustafsson.se\/2025\/03\/DSC_1612-1536x1024.jpg 1536w, https:\/\/media1.jensgustafsson.se\/2025\/03\/DSC_1612-2048x1365.jpg 2048w, https:\/\/media1.jensgustafsson.se\/2025\/03\/DSC_1612-450x300.jpg 450w\" sizes=\"auto, (max-width: 1024px) 100vw, 1024px\" \/><figcaption class=\"wp-element-caption\"><strong><em>Promenad p\u00e5 L\u00f6v\u00f6, M\u00f6nster\u00e5s idag p\u00e5 f\u00f6rmiddagen.<\/em><\/strong><\/figcaption><\/figure>\n\n\n\n<p class=\"has-medium-font-size\"><em>En sammanfattning fr\u00e5n min v\u00e4derstation, f\u00f6r de senaste 24 timmarna:<\/em><\/p>\n\n\n\n<p class=\"has-medium-font-size\"><strong>20250316 kl. 17.00<br \/>Min. temp: 1,2 \u00b0C<br \/>Max. temp: 6,4 \u00b0C<br \/>Min. lufttryck: 1008,2 hPa<br \/>Max. lufttryck: 1013,5 hPa<br \/>Min.luftfuktigh. 38 %<br \/>Max.luftfuktigh. 79 %<br \/>Domin. vindriktn.: Nordlig<br \/>Maxvind: 9 m\/s.<br \/>Nederb\u00f6rd: 0 mm<br \/>Meteorologisk \u00e5rstid: V\u00e5r<br \/>Kalendarisk \u00e5rstid: V\u00e5rm\u00e5nad 1 av 3<\/strong><\/p>\n\n\n\n<figure class=\"wp-block-image size-large\"><img loading=\"lazy\" decoding=\"async\" width=\"1024\" height=\"464\" src=\"https:\/\/media1.jensgustafsson.se\/2025\/03\/image-31-1024x464.png\" alt=\"\" class=\"wp-image-35294\" srcset=\"https:\/\/media1.jensgustafsson.se\/2025\/03\/image-31-1024x464.png 1024w, https:\/\/media1.jensgustafsson.se\/2025\/03\/image-31-300x136.png 300w, https:\/\/media1.jensgustafsson.se\/2025\/03\/image-31-768x348.png 768w, https:\/\/media1.jensgustafsson.se\/2025\/03\/image-31-1536x696.png 1536w, https:\/\/media1.jensgustafsson.se\/2025\/03\/image-31-500x227.png 500w, https:\/\/media1.jensgustafsson.se\/2025\/03\/image-31.png 1843w\" sizes=\"auto, (max-width: 1024px) 100vw, 1024px\" \/><figcaption class=\"wp-element-caption\"><strong><em>M\u00e5nadens medeltemperatur \u00e4r t.o.m. idag 2,5 grader h\u00f6gre&nbsp; j\u00e4mf\u00f6rt mot den normala.<\/em><\/strong><\/figcaption><\/figure>\n\n\n\n<figure class=\"wp-block-image size-large\"><img loading=\"lazy\" decoding=\"async\" width=\"1024\" height=\"524\" src=\"https:\/\/media1.jensgustafsson.se\/2025\/03\/image-32-1024x524.png\" alt=\"\" class=\"wp-image-35295\" srcset=\"https:\/\/media1.jensgustafsson.se\/2025\/03\/image-32-1024x524.png 1024w, https:\/\/media1.jensgustafsson.se\/2025\/03\/image-32-300x154.png 300w, https:\/\/media1.jensgustafsson.se\/2025\/03\/image-32-768x393.png 768w, https:\/\/media1.jensgustafsson.se\/2025\/03\/image-32-500x256.png 500w, https:\/\/media1.jensgustafsson.se\/2025\/03\/image-32.png 1485w\" sizes=\"auto, (max-width: 1024px) 100vw, 1024px\" \/><figcaption class=\"wp-element-caption\"><strong><em>M\u00e5nadens nederb\u00f6rd \u00e4r t.o.m. idag 23% av den normala.<\/em><\/strong><\/figcaption><\/figure>\n\n\n\n<p><\/p>\n","protected":false},"excerpt":{"rendered":"<p>Dagen b\u00f6rjade med ganska molnigt v\u00e4der. P\u00e5 f\u00f6rmiddagen var det v\u00e4xlande molnighet, men efter lunch t\u00e4tnade molnen allt mera, och det kom n\u00e5gra sn\u00f6flingor i luften ocks\u00e5. Efter det, s\u00e5 har molnt\u00e4cket spruckit upp, och nu skiner solen fr\u00e5n helt &hellip; <a href=\"https:\/\/jensgustafsson.se\/?p=35291\">Forts\u00e4tt l\u00e4sa <span class=\"meta-nav\">&rarr;<\/span><\/a><\/p>\n","protected":false},"author":1,"featured_media":0,"comment_status":"closed","ping_status":"","sticky":false,"template":"","format":"standard","meta":{"footnotes":""},"categories":[10],"tags":[],"class_list":["post-35291","post","type-post","status-publish","format-standard","hentry","category-vaderdagbok-2013"],"_links":{"self":[{"href":"https:\/\/jensgustafsson.se\/index.php?rest_route=\/wp\/v2\/posts\/35291","targetHints":{"allow":["GET"]}}],"collection":[{"href":"https:\/\/jensgustafsson.se\/index.php?rest_route=\/wp\/v2\/posts"}],"about":[{"href":"https:\/\/jensgustafsson.se\/index.php?rest_route=\/wp\/v2\/types\/post"}],"author":[{"embeddable":true,"href":"https:\/\/jensgustafsson.se\/index.php?rest_route=\/wp\/v2\/users\/1"}],"replies":[{"embeddable":true,"href":"https:\/\/jensgustafsson.se\/index.php?rest_route=%2Fwp%2Fv2%2Fcomments&post=35291"}],"version-history":[{"count":3,"href":"https:\/\/jensgustafsson.se\/index.php?rest_route=\/wp\/v2\/posts\/35291\/revisions"}],"predecessor-version":[{"id":35298,"href":"https:\/\/jensgustafsson.se\/index.php?rest_route=\/wp\/v2\/posts\/35291\/revisions\/35298"}],"wp:attachment":[{"href":"https:\/\/jensgustafsson.se\/index.php?rest_route=%2Fwp%2Fv2%2Fmedia&parent=35291"}],"wp:term":[{"taxonomy":"category","embeddable":true,"href":"https:\/\/jensgustafsson.se\/index.php?rest_route=%2Fwp%2Fv2%2Fcategories&post=35291"},{"taxonomy":"post_tag","embeddable":true,"href":"https:\/\/jensgustafsson.se\/index.php?rest_route=%2Fwp%2Fv2%2Ftags&post=35291"}],"curies":[{"name":"wp","href":"https:\/\/api.w.org\/{rel}","templated":true}]}}