{"id":35299,"date":"2025-03-17T16:53:29","date_gmt":"2025-03-17T15:53:29","guid":{"rendered":"https:\/\/jensgustafsson.se\/?p=35299"},"modified":"2025-03-17T16:53:29","modified_gmt":"2025-03-17T15:53:29","slug":"mandag-17-mars-2025","status":"publish","type":"post","link":"https:\/\/jensgustafsson.se\/?p=35299","title":{"rendered":"M\u00e5ndag 17 mars 2025."},"content":{"rendered":"\n<p class=\"has-medium-font-size\"><em>En klar och kall natt med flera minusgrader igen. Dagen har varit solig, bara lite tunna molnsl\u00f6jor under senare delen av eftermiddagen<\/em>.<\/p>\n\n\n\n<p class=\"has-medium-font-size\"><em>Den l\u00e4gsta temperaturen blev -5,7 grader, och den h\u00f6gsta blev +5,9 grader.<\/em><\/p>\n\n\n\n<p class=\"has-medium-font-size\"><em>Vinden m\u00e5ttlig till frisk, nordv\u00e4stlig, och den har varit kylig.<\/em><\/p>\n\n\n\n<figure class=\"wp-block-image size-large\"><img loading=\"lazy\" decoding=\"async\" width=\"1024\" height=\"683\" src=\"https:\/\/media1.jensgustafsson.se\/2025\/03\/DSC_1681-1024x683.jpg\" alt=\"\" class=\"wp-image-35300\" srcset=\"https:\/\/media1.jensgustafsson.se\/2025\/03\/DSC_1681-1024x683.jpg 1024w, https:\/\/media1.jensgustafsson.se\/2025\/03\/DSC_1681-300x200.jpg 300w, https:\/\/media1.jensgustafsson.se\/2025\/03\/DSC_1681-768x512.jpg 768w, https:\/\/media1.jensgustafsson.se\/2025\/03\/DSC_1681-1536x1024.jpg 1536w, https:\/\/media1.jensgustafsson.se\/2025\/03\/DSC_1681-2048x1365.jpg 2048w, https:\/\/media1.jensgustafsson.se\/2025\/03\/DSC_1681-450x300.jpg 450w\" sizes=\"auto, (max-width: 1024px) 100vw, 1024px\" \/><figcaption class=\"wp-element-caption\"><strong><em>En \u00f6verv\u00e4gande solig, men bl\u00e5sig dag fick vi denna m\u00e5ndag.<\/em><\/strong><\/figcaption><\/figure>\n\n\n\n<p class=\"has-medium-font-size\"><em>En sammanfattning fr\u00e5n min v\u00e4derstation, f\u00f6r de senaste 24 timmarna:<\/em><\/p>\n\n\n\n<p class=\"has-medium-font-size\"><strong>20250317 kl. 17.00<br \/>Min. temp: -5,7 \u00b0C<br \/>Max. temp: 5,9 \u00b0C<br \/>Min. lufttryck: 1013,5 hPa<br \/>Max. lufttryck: 1025,6 hPa<br \/>Min.luftfuktigh. 32 %<br \/>Max.luftfuktigh. 61 %<br \/>Domin. vindriktn.: Nordv\u00e4stlig<br \/>Maxvind: 8 m\/s.<br \/>Nederb\u00f6rd: 0 mm<br \/>Meteorologisk \u00e5rstid: V\u00e5r<br \/>Kalendarisk \u00e5rstid: V\u00e5rm\u00e5nad 1 av 3<\/strong><\/p>\n\n\n\n<figure class=\"wp-block-image size-large\"><img loading=\"lazy\" decoding=\"async\" width=\"1024\" height=\"464\" src=\"https:\/\/media1.jensgustafsson.se\/2025\/03\/image-33-1024x464.png\" alt=\"\" class=\"wp-image-35302\" srcset=\"https:\/\/media1.jensgustafsson.se\/2025\/03\/image-33-1024x464.png 1024w, https:\/\/media1.jensgustafsson.se\/2025\/03\/image-33-300x136.png 300w, https:\/\/media1.jensgustafsson.se\/2025\/03\/image-33-768x348.png 768w, https:\/\/media1.jensgustafsson.se\/2025\/03\/image-33-1536x696.png 1536w, https:\/\/media1.jensgustafsson.se\/2025\/03\/image-33-500x227.png 500w, https:\/\/media1.jensgustafsson.se\/2025\/03\/image-33.png 1843w\" sizes=\"auto, (max-width: 1024px) 100vw, 1024px\" \/><figcaption class=\"wp-element-caption\"><strong><em>M\u00e5nadens medeltemperatur \u00e4r t.o.m. idag 2,3 grader h\u00f6gre\u00a0 j\u00e4mf\u00f6rt mot den normala.<\/em><\/strong><\/figcaption><\/figure>\n\n\n\n<figure class=\"wp-block-image size-large\"><img loading=\"lazy\" decoding=\"async\" width=\"1024\" height=\"524\" src=\"https:\/\/media1.jensgustafsson.se\/2025\/03\/image-34-1024x524.png\" alt=\"\" class=\"wp-image-35303\" srcset=\"https:\/\/media1.jensgustafsson.se\/2025\/03\/image-34-1024x524.png 1024w, https:\/\/media1.jensgustafsson.se\/2025\/03\/image-34-300x154.png 300w, https:\/\/media1.jensgustafsson.se\/2025\/03\/image-34-768x393.png 768w, https:\/\/media1.jensgustafsson.se\/2025\/03\/image-34-500x256.png 500w, https:\/\/media1.jensgustafsson.se\/2025\/03\/image-34.png 1485w\" sizes=\"auto, (max-width: 1024px) 100vw, 1024px\" \/><figcaption class=\"wp-element-caption\"><strong><em>M\u00e5nadens nederb\u00f6rd \u00e4r t.o.m. idag 23% av den normala.<\/em><\/strong><\/figcaption><\/figure>\n","protected":false},"excerpt":{"rendered":"<p>En klar och kall natt med flera minusgrader igen. Dagen har varit solig, bara lite tunna molnsl\u00f6jor under senare delen av eftermiddagen. Den l\u00e4gsta temperaturen blev -5,7 grader, och den h\u00f6gsta blev +5,9 grader. Vinden m\u00e5ttlig till frisk, nordv\u00e4stlig, och &hellip; <a href=\"https:\/\/jensgustafsson.se\/?p=35299\">Forts\u00e4tt l\u00e4sa <span class=\"meta-nav\">&rarr;<\/span><\/a><\/p>\n","protected":false},"author":1,"featured_media":0,"comment_status":"closed","ping_status":"","sticky":false,"template":"","format":"standard","meta":{"footnotes":""},"categories":[10],"tags":[],"class_list":["post-35299","post","type-post","status-publish","format-standard","hentry","category-vaderdagbok-2013"],"_links":{"self":[{"href":"https:\/\/jensgustafsson.se\/index.php?rest_route=\/wp\/v2\/posts\/35299","targetHints":{"allow":["GET"]}}],"collection":[{"href":"https:\/\/jensgustafsson.se\/index.php?rest_route=\/wp\/v2\/posts"}],"about":[{"href":"https:\/\/jensgustafsson.se\/index.php?rest_route=\/wp\/v2\/types\/post"}],"author":[{"embeddable":true,"href":"https:\/\/jensgustafsson.se\/index.php?rest_route=\/wp\/v2\/users\/1"}],"replies":[{"embeddable":true,"href":"https:\/\/jensgustafsson.se\/index.php?rest_route=%2Fwp%2Fv2%2Fcomments&post=35299"}],"version-history":[{"count":2,"href":"https:\/\/jensgustafsson.se\/index.php?rest_route=\/wp\/v2\/posts\/35299\/revisions"}],"predecessor-version":[{"id":35304,"href":"https:\/\/jensgustafsson.se\/index.php?rest_route=\/wp\/v2\/posts\/35299\/revisions\/35304"}],"wp:attachment":[{"href":"https:\/\/jensgustafsson.se\/index.php?rest_route=%2Fwp%2Fv2%2Fmedia&parent=35299"}],"wp:term":[{"taxonomy":"category","embeddable":true,"href":"https:\/\/jensgustafsson.se\/index.php?rest_route=%2Fwp%2Fv2%2Fcategories&post=35299"},{"taxonomy":"post_tag","embeddable":true,"href":"https:\/\/jensgustafsson.se\/index.php?rest_route=%2Fwp%2Fv2%2Ftags&post=35299"}],"curies":[{"name":"wp","href":"https:\/\/api.w.org\/{rel}","templated":true}]}}