{"id":35319,"date":"2025-03-20T16:57:42","date_gmt":"2025-03-20T15:57:42","guid":{"rendered":"https:\/\/jensgustafsson.se\/?p=35319"},"modified":"2025-03-20T16:57:42","modified_gmt":"2025-03-20T15:57:42","slug":"torsdag-20-mars-2025","status":"publish","type":"post","link":"https:\/\/jensgustafsson.se\/?p=35319","title":{"rendered":"Torsdag 20 mars 2025."},"content":{"rendered":"\n<p class=\"has-medium-font-size\"><em>En klar och kall natt med flera minusgrader. F\u00f6rmiddagen blev \u00f6verv\u00e4gande solig, men lite tunna molnsl\u00f6jor. Under eftermiddagen har solen lyst fr\u00e5n klarbl\u00e5 himmel.<\/em><\/p>\n\n\n\n<p class=\"has-medium-font-size\"><em>Den l\u00e4gsta temperaturen blev -4,6 grader, och den h\u00f6gsta blev +11,5 grader.<\/em><\/p>\n\n\n\n<p class=\"has-medium-font-size\"><em>Vinden har varit m\u00e5ttlig, sydv\u00e4stlig idag.<\/em><\/p>\n\n\n\n<figure class=\"wp-block-image size-large\"><img loading=\"lazy\" decoding=\"async\" width=\"1024\" height=\"683\" src=\"https:\/\/media1.jensgustafsson.se\/2025\/03\/DSC_1730-1024x683.jpg\" alt=\"\" class=\"wp-image-35321\" srcset=\"https:\/\/media1.jensgustafsson.se\/2025\/03\/DSC_1730-1024x683.jpg 1024w, https:\/\/media1.jensgustafsson.se\/2025\/03\/DSC_1730-300x200.jpg 300w, https:\/\/media1.jensgustafsson.se\/2025\/03\/DSC_1730-768x512.jpg 768w, https:\/\/media1.jensgustafsson.se\/2025\/03\/DSC_1730-1536x1024.jpg 1536w, https:\/\/media1.jensgustafsson.se\/2025\/03\/DSC_1730-2048x1365.jpg 2048w, https:\/\/media1.jensgustafsson.se\/2025\/03\/DSC_1730-450x300.jpg 450w\" sizes=\"auto, (max-width: 1024px) 100vw, 1024px\" \/><figcaption class=\"wp-element-caption\"><strong><em>Scilla, fotograferad p\u00e5 morgonen idag.<\/em><\/strong><\/figcaption><\/figure>\n\n\n\n<p class=\"has-medium-font-size\"><em>En sammanfattning fr\u00e5n min v\u00e4derstation, f\u00f6r de senaste 24 timmarna:<\/em><\/p>\n\n\n\n<p class=\"has-medium-font-size\"><strong>20250320 kl. 17.00<br \/>Min. temp: -4,6 \u00b0C<br \/>Max. temp: 11,5 \u00b0C<br \/>Min. lufttryck: 1013,7 hPa<br \/>Max. lufttryck: 1019,3 hPa<br \/>Min.luftfuktigh. 34 %<br \/>Max.luftfuktigh. 82 %<br \/>Domin. vindriktn.: Sydv\u00e4stlig<br \/>Maxvind: 8 m\/s.<br \/>Nederb\u00f6rd: 0 mm<br \/>Meteorologisk \u00e5rstid: V\u00e5r<br \/>Kalendarisk \u00e5rstid: V\u00e5rm\u00e5nad 1 av 3<\/strong><\/p>\n\n\n\n<figure class=\"wp-block-image size-large\"><img loading=\"lazy\" decoding=\"async\" width=\"1024\" height=\"464\" src=\"https:\/\/media1.jensgustafsson.se\/2025\/03\/image-39-1024x464.png\" alt=\"\" class=\"wp-image-35324\" srcset=\"https:\/\/media1.jensgustafsson.se\/2025\/03\/image-39-1024x464.png 1024w, https:\/\/media1.jensgustafsson.se\/2025\/03\/image-39-300x136.png 300w, https:\/\/media1.jensgustafsson.se\/2025\/03\/image-39-768x348.png 768w, https:\/\/media1.jensgustafsson.se\/2025\/03\/image-39-1536x696.png 1536w, https:\/\/media1.jensgustafsson.se\/2025\/03\/image-39-500x227.png 500w, https:\/\/media1.jensgustafsson.se\/2025\/03\/image-39.png 1843w\" sizes=\"auto, (max-width: 1024px) 100vw, 1024px\" \/><figcaption class=\"wp-element-caption\"><strong><em>M\u00e5nadens medeltemperatur \u00e4r t.o.m. idag 2,4 grader h\u00f6gre\u00a0 j\u00e4mf\u00f6rt mot den normala.<\/em><\/strong><\/figcaption><\/figure>\n\n\n\n<figure class=\"wp-block-image size-large\"><img loading=\"lazy\" decoding=\"async\" width=\"1024\" height=\"524\" src=\"https:\/\/media1.jensgustafsson.se\/2025\/03\/image-40-1024x524.png\" alt=\"\" class=\"wp-image-35325\" srcset=\"https:\/\/media1.jensgustafsson.se\/2025\/03\/image-40-1024x524.png 1024w, https:\/\/media1.jensgustafsson.se\/2025\/03\/image-40-300x154.png 300w, https:\/\/media1.jensgustafsson.se\/2025\/03\/image-40-768x393.png 768w, https:\/\/media1.jensgustafsson.se\/2025\/03\/image-40-500x256.png 500w, https:\/\/media1.jensgustafsson.se\/2025\/03\/image-40.png 1485w\" sizes=\"auto, (max-width: 1024px) 100vw, 1024px\" \/><figcaption class=\"wp-element-caption\"><strong><em>M\u00e5nadens nederb\u00f6rd \u00e4r t.o.m. idag 23% av den normala.<\/em><\/strong><\/figcaption><\/figure>\n\n\n\n<p><\/p>\n","protected":false},"excerpt":{"rendered":"<p>En klar och kall natt med flera minusgrader. F\u00f6rmiddagen blev \u00f6verv\u00e4gande solig, men lite tunna molnsl\u00f6jor. Under eftermiddagen har solen lyst fr\u00e5n klarbl\u00e5 himmel. Den l\u00e4gsta temperaturen blev -4,6 grader, och den h\u00f6gsta blev +11,5 grader. Vinden har varit m\u00e5ttlig, &hellip; <a href=\"https:\/\/jensgustafsson.se\/?p=35319\">Forts\u00e4tt l\u00e4sa <span class=\"meta-nav\">&rarr;<\/span><\/a><\/p>\n","protected":false},"author":1,"featured_media":0,"comment_status":"open","ping_status":"","sticky":false,"template":"","format":"standard","meta":{"footnotes":""},"categories":[10],"tags":[],"class_list":["post-35319","post","type-post","status-publish","format-standard","hentry","category-vaderdagbok-2013"],"_links":{"self":[{"href":"https:\/\/jensgustafsson.se\/index.php?rest_route=\/wp\/v2\/posts\/35319","targetHints":{"allow":["GET"]}}],"collection":[{"href":"https:\/\/jensgustafsson.se\/index.php?rest_route=\/wp\/v2\/posts"}],"about":[{"href":"https:\/\/jensgustafsson.se\/index.php?rest_route=\/wp\/v2\/types\/post"}],"author":[{"embeddable":true,"href":"https:\/\/jensgustafsson.se\/index.php?rest_route=\/wp\/v2\/users\/1"}],"replies":[{"embeddable":true,"href":"https:\/\/jensgustafsson.se\/index.php?rest_route=%2Fwp%2Fv2%2Fcomments&post=35319"}],"version-history":[{"count":4,"href":"https:\/\/jensgustafsson.se\/index.php?rest_route=\/wp\/v2\/posts\/35319\/revisions"}],"predecessor-version":[{"id":35326,"href":"https:\/\/jensgustafsson.se\/index.php?rest_route=\/wp\/v2\/posts\/35319\/revisions\/35326"}],"wp:attachment":[{"href":"https:\/\/jensgustafsson.se\/index.php?rest_route=%2Fwp%2Fv2%2Fmedia&parent=35319"}],"wp:term":[{"taxonomy":"category","embeddable":true,"href":"https:\/\/jensgustafsson.se\/index.php?rest_route=%2Fwp%2Fv2%2Fcategories&post=35319"},{"taxonomy":"post_tag","embeddable":true,"href":"https:\/\/jensgustafsson.se\/index.php?rest_route=%2Fwp%2Fv2%2Ftags&post=35319"}],"curies":[{"name":"wp","href":"https:\/\/api.w.org\/{rel}","templated":true}]}}