{"id":35328,"date":"2025-03-21T17:00:25","date_gmt":"2025-03-21T16:00:25","guid":{"rendered":"https:\/\/jensgustafsson.se\/?p=35328"},"modified":"2025-03-21T17:00:25","modified_gmt":"2025-03-21T16:00:25","slug":"fredag-21-mars-2025","status":"publish","type":"post","link":"https:\/\/jensgustafsson.se\/?p=35328","title":{"rendered":"Fredag 21 mars 2025."},"content":{"rendered":"\n<p class=\"has-medium-font-size\"><em>En molnfri och kall natt igen med flera minusgrader. Dagen har varit solig, och n\u00e4r man kommit i vindskyddat l\u00e4ge, s\u00e5 har det varit riktigt sk\u00f6nt.<\/em><\/p>\n\n\n\n<p class=\"has-medium-font-size\"><em>Den l\u00e4gsta temperaturen blev -5,2 grader, och den h\u00f6gsta blev +10,3 grader.<\/em><\/p>\n\n\n\n<p class=\"has-medium-font-size\"><em>Vinden har varit m\u00e5ttlig, mestadels nordostlig idag.<\/em><\/p>\n\n\n\n<figure class=\"wp-block-image size-large\"><img loading=\"lazy\" decoding=\"async\" width=\"1024\" height=\"790\" src=\"https:\/\/media1.jensgustafsson.se\/2025\/03\/DSC_1743-1024x790.jpg\" alt=\"\" class=\"wp-image-35329\" srcset=\"https:\/\/media1.jensgustafsson.se\/2025\/03\/DSC_1743-1024x790.jpg 1024w, https:\/\/media1.jensgustafsson.se\/2025\/03\/DSC_1743-300x231.jpg 300w, https:\/\/media1.jensgustafsson.se\/2025\/03\/DSC_1743-768x592.jpg 768w, https:\/\/media1.jensgustafsson.se\/2025\/03\/DSC_1743-1536x1184.jpg 1536w, https:\/\/media1.jensgustafsson.se\/2025\/03\/DSC_1743-2048x1579.jpg 2048w, https:\/\/media1.jensgustafsson.se\/2025\/03\/DSC_1743-389x300.jpg 389w\" sizes=\"auto, (max-width: 1024px) 100vw, 1024px\" \/><figcaption class=\"wp-element-caption\"><strong><em>Krokus hemma p\u00e5 Kyrkogatan.<\/em><\/strong><\/figcaption><\/figure>\n\n\n\n<p class=\"has-medium-font-size\"><em>En sammanfattning fr\u00e5n min v\u00e4derstation, f\u00f6r de senaste 24 timmarna:<\/em><\/p>\n\n\n\n<p class=\"has-medium-font-size\"><strong>20250321 kl. 17.00<br \/>Min. temp: -5,2 \u00b0C<br \/>Max. temp: 10,3 \u00b0C<br \/>Min. lufttryck: 1014 hPa<br \/>Max. lufttryck: 1024,6 hPa<br \/>Min.luftfuktigh. 35 %<br \/>Max.luftfuktigh. 79 %<br \/>Domin. vindriktn.: Nordostlig<br \/>Maxvind: 7 m\/s.<br \/>Nederb\u00f6rd: 0 mm<br \/>Meteorologisk \u00e5rstid: V\u00e5r<br \/>Kalendarisk \u00e5rstid: V\u00e5rm\u00e5nad 1 av 3<\/strong><\/p>\n\n\n\n<figure class=\"wp-block-image size-large\"><img loading=\"lazy\" decoding=\"async\" width=\"1024\" height=\"464\" src=\"https:\/\/media1.jensgustafsson.se\/2025\/03\/image-41-1024x464.png\" alt=\"\" class=\"wp-image-35332\" srcset=\"https:\/\/media1.jensgustafsson.se\/2025\/03\/image-41-1024x464.png 1024w, https:\/\/media1.jensgustafsson.se\/2025\/03\/image-41-300x136.png 300w, https:\/\/media1.jensgustafsson.se\/2025\/03\/image-41-768x348.png 768w, https:\/\/media1.jensgustafsson.se\/2025\/03\/image-41-1536x696.png 1536w, https:\/\/media1.jensgustafsson.se\/2025\/03\/image-41-500x227.png 500w, https:\/\/media1.jensgustafsson.se\/2025\/03\/image-41.png 1843w\" sizes=\"auto, (max-width: 1024px) 100vw, 1024px\" \/><figcaption class=\"wp-element-caption\"><strong><em>M\u00e5nadens medeltemperatur \u00e4r t.o.m. idag 2,4 grader h\u00f6gre\u00a0 j\u00e4mf\u00f6rt mot den normala.<\/em><\/strong><\/figcaption><\/figure>\n\n\n\n<figure class=\"wp-block-image size-large\"><img loading=\"lazy\" decoding=\"async\" width=\"1024\" height=\"524\" src=\"https:\/\/media1.jensgustafsson.se\/2025\/03\/image-42-1024x524.png\" alt=\"\" class=\"wp-image-35333\" srcset=\"https:\/\/media1.jensgustafsson.se\/2025\/03\/image-42-1024x524.png 1024w, https:\/\/media1.jensgustafsson.se\/2025\/03\/image-42-300x154.png 300w, https:\/\/media1.jensgustafsson.se\/2025\/03\/image-42-768x393.png 768w, https:\/\/media1.jensgustafsson.se\/2025\/03\/image-42-500x256.png 500w, https:\/\/media1.jensgustafsson.se\/2025\/03\/image-42.png 1485w\" sizes=\"auto, (max-width: 1024px) 100vw, 1024px\" \/><figcaption class=\"wp-element-caption\"><strong><em>M\u00e5nadens nederb\u00f6rd \u00e4r t.o.m. idag 23% av den normala.<\/em><\/strong><\/figcaption><\/figure>\n\n\n\n<p><\/p>\n","protected":false},"excerpt":{"rendered":"<p>En molnfri och kall natt igen med flera minusgrader. Dagen har varit solig, och n\u00e4r man kommit i vindskyddat l\u00e4ge, s\u00e5 har det varit riktigt sk\u00f6nt. Den l\u00e4gsta temperaturen blev -5,2 grader, och den h\u00f6gsta blev +10,3 grader. Vinden har &hellip; <a href=\"https:\/\/jensgustafsson.se\/?p=35328\">Forts\u00e4tt l\u00e4sa <span class=\"meta-nav\">&rarr;<\/span><\/a><\/p>\n","protected":false},"author":1,"featured_media":0,"comment_status":"closed","ping_status":"","sticky":false,"template":"","format":"standard","meta":{"footnotes":""},"categories":[10],"tags":[],"class_list":["post-35328","post","type-post","status-publish","format-standard","hentry","category-vaderdagbok-2013"],"_links":{"self":[{"href":"https:\/\/jensgustafsson.se\/index.php?rest_route=\/wp\/v2\/posts\/35328","targetHints":{"allow":["GET"]}}],"collection":[{"href":"https:\/\/jensgustafsson.se\/index.php?rest_route=\/wp\/v2\/posts"}],"about":[{"href":"https:\/\/jensgustafsson.se\/index.php?rest_route=\/wp\/v2\/types\/post"}],"author":[{"embeddable":true,"href":"https:\/\/jensgustafsson.se\/index.php?rest_route=\/wp\/v2\/users\/1"}],"replies":[{"embeddable":true,"href":"https:\/\/jensgustafsson.se\/index.php?rest_route=%2Fwp%2Fv2%2Fcomments&post=35328"}],"version-history":[{"count":3,"href":"https:\/\/jensgustafsson.se\/index.php?rest_route=\/wp\/v2\/posts\/35328\/revisions"}],"predecessor-version":[{"id":35334,"href":"https:\/\/jensgustafsson.se\/index.php?rest_route=\/wp\/v2\/posts\/35328\/revisions\/35334"}],"wp:attachment":[{"href":"https:\/\/jensgustafsson.se\/index.php?rest_route=%2Fwp%2Fv2%2Fmedia&parent=35328"}],"wp:term":[{"taxonomy":"category","embeddable":true,"href":"https:\/\/jensgustafsson.se\/index.php?rest_route=%2Fwp%2Fv2%2Fcategories&post=35328"},{"taxonomy":"post_tag","embeddable":true,"href":"https:\/\/jensgustafsson.se\/index.php?rest_route=%2Fwp%2Fv2%2Ftags&post=35328"}],"curies":[{"name":"wp","href":"https:\/\/api.w.org\/{rel}","templated":true}]}}