{"id":35341,"date":"2025-03-23T17:58:30","date_gmt":"2025-03-23T16:58:30","guid":{"rendered":"https:\/\/jensgustafsson.se\/?p=35341"},"modified":"2025-03-30T17:16:02","modified_gmt":"2025-03-30T16:16:02","slug":"sondag-23-mars-2025","status":"publish","type":"post","link":"https:\/\/jensgustafsson.se\/?p=35341","title":{"rendered":"S\u00f6ndag 23 mars 2025."},"content":{"rendered":"\n<p class=\"has-medium-font-size\"><em>En molnfri natt med minusgrader igen. \u00c4ven dagen blev molnfri, och d\u00e4rmed  sol fr\u00e5n morgon till kv\u00e4ll.<\/em><\/p>\n\n\n\n<p class=\"has-medium-font-size\"><em>Den l\u00e4gsta temperaturen blev -2,3 grader, och den h\u00f6gsta blev +7,9 grader.<\/em><\/p>\n\n\n\n<p class=\"has-medium-font-size\"><em>Vinden har varit m\u00e5ttlig, nordostlig idag, och k\u00e4nts kylig.<\/em><\/p>\n\n\n\n<figure class=\"wp-block-image size-large\"><img loading=\"lazy\" decoding=\"async\" width=\"1024\" height=\"683\" src=\"https:\/\/media1.jensgustafsson.se\/2025\/03\/DSC_1752-1024x683.jpg\" alt=\"\" class=\"wp-image-35346\" srcset=\"https:\/\/media1.jensgustafsson.se\/2025\/03\/DSC_1752-1024x683.jpg 1024w, https:\/\/media1.jensgustafsson.se\/2025\/03\/DSC_1752-300x200.jpg 300w, https:\/\/media1.jensgustafsson.se\/2025\/03\/DSC_1752-768x512.jpg 768w, https:\/\/media1.jensgustafsson.se\/2025\/03\/DSC_1752-1536x1024.jpg 1536w, https:\/\/media1.jensgustafsson.se\/2025\/03\/DSC_1752-2048x1365.jpg 2048w, https:\/\/media1.jensgustafsson.se\/2025\/03\/DSC_1752-450x300.jpg 450w\" sizes=\"auto, (max-width: 1024px) 100vw, 1024px\" \/><figcaption class=\"wp-element-caption\"><strong><em>P\u00e5 morgonen idag.<\/em><\/strong><\/figcaption><\/figure>\n\n\n\n<p class=\"has-medium-font-size\"><em>En sammanfattning fr\u00e5n min v\u00e4derstation, f\u00f6r de senaste 24 timmarna:<\/em><\/p>\n\n\n\n<p class=\"has-medium-font-size\"><strong>20250323 kl. 17.30<br \/>Min. temp: -2,3 \u00b0C<br \/>Max. temp: 7,9 \u00b0C<br \/>Min. lufttryck: 1016,4 hPa<br \/>Max. lufttryck: 1023,5 hPa<br \/>Min.luftfuktigh. 58 %<br \/>Max.luftfuktigh. 86 %<br \/>Domin. vindriktn.: Nordostlig<br \/>Maxvind: 7 m\/s.<br \/>Nederb\u00f6rd: 0 mm<br \/>Meteorologisk \u00e5rstid: V\u00e5r<br \/>Kalendarisk \u00e5rstid: V\u00e5rm\u00e5nad 1 av 3<\/strong><\/p>\n\n\n\n<figure class=\"wp-block-image size-large\"><img loading=\"lazy\" decoding=\"async\" width=\"1024\" height=\"464\" src=\"https:\/\/media1.jensgustafsson.se\/2025\/03\/image-45-1024x464.png\" alt=\"\" class=\"wp-image-35342\" srcset=\"https:\/\/media1.jensgustafsson.se\/2025\/03\/image-45-1024x464.png 1024w, https:\/\/media1.jensgustafsson.se\/2025\/03\/image-45-300x136.png 300w, https:\/\/media1.jensgustafsson.se\/2025\/03\/image-45-768x348.png 768w, https:\/\/media1.jensgustafsson.se\/2025\/03\/image-45-1536x696.png 1536w, https:\/\/media1.jensgustafsson.se\/2025\/03\/image-45-500x227.png 500w, https:\/\/media1.jensgustafsson.se\/2025\/03\/image-45.png 1843w\" sizes=\"auto, (max-width: 1024px) 100vw, 1024px\" \/><figcaption class=\"wp-element-caption\"><strong><em>M\u00e5nadens medeltemperatur \u00e4r t.o.m. idag 2,3 grader h\u00f6gre&nbsp; j\u00e4mf\u00f6rt mot den normala.<\/em><\/strong><\/figcaption><\/figure>\n\n\n\n<figure class=\"wp-block-image size-large\"><img loading=\"lazy\" decoding=\"async\" width=\"1024\" height=\"524\" src=\"https:\/\/media1.jensgustafsson.se\/2025\/03\/image-46-1024x524.png\" alt=\"\" class=\"wp-image-35343\" srcset=\"https:\/\/media1.jensgustafsson.se\/2025\/03\/image-46-1024x524.png 1024w, https:\/\/media1.jensgustafsson.se\/2025\/03\/image-46-300x154.png 300w, https:\/\/media1.jensgustafsson.se\/2025\/03\/image-46-768x393.png 768w, https:\/\/media1.jensgustafsson.se\/2025\/03\/image-46-500x256.png 500w, https:\/\/media1.jensgustafsson.se\/2025\/03\/image-46.png 1485w\" sizes=\"auto, (max-width: 1024px) 100vw, 1024px\" \/><figcaption class=\"wp-element-caption\"><strong><em>M\u00e5nadens nederb\u00f6rd \u00e4r t.o.m. idag 23% av den normala.<\/em><\/strong><\/figcaption><\/figure>\n","protected":false},"excerpt":{"rendered":"<p>En molnfri natt med minusgrader igen. \u00c4ven dagen blev molnfri, och d\u00e4rmed sol fr\u00e5n morgon till kv\u00e4ll. Den l\u00e4gsta temperaturen blev -2,3 grader, och den h\u00f6gsta blev +7,9 grader. Vinden har varit m\u00e5ttlig, nordostlig idag, och k\u00e4nts kylig. En sammanfattning &hellip; <a href=\"https:\/\/jensgustafsson.se\/?p=35341\">Forts\u00e4tt l\u00e4sa <span class=\"meta-nav\">&rarr;<\/span><\/a><\/p>\n","protected":false},"author":1,"featured_media":0,"comment_status":"closed","ping_status":"","sticky":false,"template":"","format":"standard","meta":{"footnotes":""},"categories":[10],"tags":[],"class_list":["post-35341","post","type-post","status-publish","format-standard","hentry","category-vaderdagbok-2013"],"_links":{"self":[{"href":"https:\/\/jensgustafsson.se\/index.php?rest_route=\/wp\/v2\/posts\/35341","targetHints":{"allow":["GET"]}}],"collection":[{"href":"https:\/\/jensgustafsson.se\/index.php?rest_route=\/wp\/v2\/posts"}],"about":[{"href":"https:\/\/jensgustafsson.se\/index.php?rest_route=\/wp\/v2\/types\/post"}],"author":[{"embeddable":true,"href":"https:\/\/jensgustafsson.se\/index.php?rest_route=\/wp\/v2\/users\/1"}],"replies":[{"embeddable":true,"href":"https:\/\/jensgustafsson.se\/index.php?rest_route=%2Fwp%2Fv2%2Fcomments&post=35341"}],"version-history":[{"count":5,"href":"https:\/\/jensgustafsson.se\/index.php?rest_route=\/wp\/v2\/posts\/35341\/revisions"}],"predecessor-version":[{"id":35416,"href":"https:\/\/jensgustafsson.se\/index.php?rest_route=\/wp\/v2\/posts\/35341\/revisions\/35416"}],"wp:attachment":[{"href":"https:\/\/jensgustafsson.se\/index.php?rest_route=%2Fwp%2Fv2%2Fmedia&parent=35341"}],"wp:term":[{"taxonomy":"category","embeddable":true,"href":"https:\/\/jensgustafsson.se\/index.php?rest_route=%2Fwp%2Fv2%2Fcategories&post=35341"},{"taxonomy":"post_tag","embeddable":true,"href":"https:\/\/jensgustafsson.se\/index.php?rest_route=%2Fwp%2Fv2%2Ftags&post=35341"}],"curies":[{"name":"wp","href":"https:\/\/api.w.org\/{rel}","templated":true}]}}