{"id":35349,"date":"2025-03-24T17:05:16","date_gmt":"2025-03-24T16:05:16","guid":{"rendered":"https:\/\/jensgustafsson.se\/?p=35349"},"modified":"2025-03-24T17:05:16","modified_gmt":"2025-03-24T16:05:16","slug":"mandag-24-mars-2025","status":"publish","type":"post","link":"https:\/\/jensgustafsson.se\/?p=35349","title":{"rendered":"M\u00e5ndag 24 mars 2025."},"content":{"rendered":"\n<p class=\"has-medium-font-size\"><em>\u00c4nnu en klar och kall natt. F\u00f6rmiddagen blev solig, och himlen var helt molnfri. Eftermiddagen blev ocks\u00e5 solig, men under senare delen, s\u00e5 b\u00f6rjade det komma lite tunna moln.<\/em><\/p>\n\n\n\n<p class=\"has-medium-font-size\"><em>Den l\u00e4gsta temperaturen blev -5,4 grader, och den h\u00f6gsta blev +12,1 grader idag.<\/em><\/p>\n\n\n\n<p class=\"has-medium-font-size\"><em>Vinden har varit svag, f\u00f6rst nordostlig, d\u00e4refter vridande till sydv\u00e4stlig.<\/em><\/p>\n\n\n\n<figure class=\"wp-block-image size-large\"><img loading=\"lazy\" decoding=\"async\" width=\"1024\" height=\"683\" src=\"https:\/\/media1.jensgustafsson.se\/2025\/03\/DSC_1822-1024x683.jpg\" alt=\"\" class=\"wp-image-35355\" srcset=\"https:\/\/media1.jensgustafsson.se\/2025\/03\/DSC_1822-1024x683.jpg 1024w, https:\/\/media1.jensgustafsson.se\/2025\/03\/DSC_1822-300x200.jpg 300w, https:\/\/media1.jensgustafsson.se\/2025\/03\/DSC_1822-768x512.jpg 768w, https:\/\/media1.jensgustafsson.se\/2025\/03\/DSC_1822-1536x1024.jpg 1536w, https:\/\/media1.jensgustafsson.se\/2025\/03\/DSC_1822-2048x1365.jpg 2048w, https:\/\/media1.jensgustafsson.se\/2025\/03\/DSC_1822-450x300.jpg 450w\" sizes=\"auto, (max-width: 1024px) 100vw, 1024px\" \/><figcaption class=\"wp-element-caption\"><strong><em>Vinterg\u00e4ck i solskenet i eftermiddag.<\/em><\/strong><\/figcaption><\/figure>\n\n\n\n<p class=\"has-medium-font-size\"><em>En sammanfattning fr\u00e5n min v\u00e4derstation, f\u00f6r de senaste 24 timmarna:<\/em><\/p>\n\n\n\n<p class=\"has-medium-font-size\"><strong>20250324 kl. 17.00<br \/>Min. temp: -5,4 \u00b0C<br \/>Max. temp: 12,1 \u00b0C<br \/>Min. lufttryck: 1009,2 hPa<br \/>Max. lufttryck: 1016,6 hPa<br \/>Min.luftfuktigh. 44 %<br \/>Max.luftfuktigh. 81 %<br \/>Domin. vindriktn.: V\u00e4xlande<br \/>Maxvind: 5 m\/s.<br \/>Nederb\u00f6rd: 0 mm<br \/>Meteorologisk \u00e5rstid: V\u00e5r<br \/>Kalendarisk \u00e5rstid: V\u00e5rm\u00e5nad 1 av 3<\/strong><\/p>\n\n\n\n<figure class=\"wp-block-image size-large\"><img loading=\"lazy\" decoding=\"async\" width=\"1024\" height=\"464\" src=\"https:\/\/media1.jensgustafsson.se\/2025\/03\/image-47-1024x464.png\" alt=\"\" class=\"wp-image-35350\" srcset=\"https:\/\/media1.jensgustafsson.se\/2025\/03\/image-47-1024x464.png 1024w, https:\/\/media1.jensgustafsson.se\/2025\/03\/image-47-300x136.png 300w, https:\/\/media1.jensgustafsson.se\/2025\/03\/image-47-768x348.png 768w, https:\/\/media1.jensgustafsson.se\/2025\/03\/image-47-1536x696.png 1536w, https:\/\/media1.jensgustafsson.se\/2025\/03\/image-47-500x227.png 500w, https:\/\/media1.jensgustafsson.se\/2025\/03\/image-47.png 1843w\" sizes=\"auto, (max-width: 1024px) 100vw, 1024px\" \/><figcaption class=\"wp-element-caption\"><strong><em>M\u00e5nadens medeltemperatur \u00e4r t.o.m. idag 2,3 grader h\u00f6gre&nbsp; j\u00e4mf\u00f6rt mot den normala.<\/em><\/strong><\/figcaption><\/figure>\n\n\n\n<figure class=\"wp-block-image size-large\"><img loading=\"lazy\" decoding=\"async\" width=\"1024\" height=\"524\" src=\"https:\/\/media1.jensgustafsson.se\/2025\/03\/image-48-1024x524.png\" alt=\"\" class=\"wp-image-35351\" srcset=\"https:\/\/media1.jensgustafsson.se\/2025\/03\/image-48-1024x524.png 1024w, https:\/\/media1.jensgustafsson.se\/2025\/03\/image-48-300x154.png 300w, https:\/\/media1.jensgustafsson.se\/2025\/03\/image-48-768x393.png 768w, https:\/\/media1.jensgustafsson.se\/2025\/03\/image-48-500x256.png 500w, https:\/\/media1.jensgustafsson.se\/2025\/03\/image-48.png 1485w\" sizes=\"auto, (max-width: 1024px) 100vw, 1024px\" \/><figcaption class=\"wp-element-caption\"><strong><em>M\u00e5nadens nederb\u00f6rd \u00e4r t.o.m. idag 23% av den normala.<\/em><\/strong><\/figcaption><\/figure>\n","protected":false},"excerpt":{"rendered":"<p>\u00c4nnu en klar och kall natt. F\u00f6rmiddagen blev solig, och himlen var helt molnfri. Eftermiddagen blev ocks\u00e5 solig, men under senare delen, s\u00e5 b\u00f6rjade det komma lite tunna moln. Den l\u00e4gsta temperaturen blev -5,4 grader, och den h\u00f6gsta blev +12,1 &hellip; <a href=\"https:\/\/jensgustafsson.se\/?p=35349\">Forts\u00e4tt l\u00e4sa <span class=\"meta-nav\">&rarr;<\/span><\/a><\/p>\n","protected":false},"author":1,"featured_media":0,"comment_status":"closed","ping_status":"","sticky":false,"template":"","format":"standard","meta":{"footnotes":""},"categories":[10],"tags":[],"class_list":["post-35349","post","type-post","status-publish","format-standard","hentry","category-vaderdagbok-2013"],"_links":{"self":[{"href":"https:\/\/jensgustafsson.se\/index.php?rest_route=\/wp\/v2\/posts\/35349","targetHints":{"allow":["GET"]}}],"collection":[{"href":"https:\/\/jensgustafsson.se\/index.php?rest_route=\/wp\/v2\/posts"}],"about":[{"href":"https:\/\/jensgustafsson.se\/index.php?rest_route=\/wp\/v2\/types\/post"}],"author":[{"embeddable":true,"href":"https:\/\/jensgustafsson.se\/index.php?rest_route=\/wp\/v2\/users\/1"}],"replies":[{"embeddable":true,"href":"https:\/\/jensgustafsson.se\/index.php?rest_route=%2Fwp%2Fv2%2Fcomments&post=35349"}],"version-history":[{"count":3,"href":"https:\/\/jensgustafsson.se\/index.php?rest_route=\/wp\/v2\/posts\/35349\/revisions"}],"predecessor-version":[{"id":35356,"href":"https:\/\/jensgustafsson.se\/index.php?rest_route=\/wp\/v2\/posts\/35349\/revisions\/35356"}],"wp:attachment":[{"href":"https:\/\/jensgustafsson.se\/index.php?rest_route=%2Fwp%2Fv2%2Fmedia&parent=35349"}],"wp:term":[{"taxonomy":"category","embeddable":true,"href":"https:\/\/jensgustafsson.se\/index.php?rest_route=%2Fwp%2Fv2%2Fcategories&post=35349"},{"taxonomy":"post_tag","embeddable":true,"href":"https:\/\/jensgustafsson.se\/index.php?rest_route=%2Fwp%2Fv2%2Ftags&post=35349"}],"curies":[{"name":"wp","href":"https:\/\/api.w.org\/{rel}","templated":true}]}}