{"id":35363,"date":"2025-03-25T17:02:12","date_gmt":"2025-03-25T16:02:12","guid":{"rendered":"https:\/\/jensgustafsson.se\/?p=35363"},"modified":"2025-03-25T17:02:12","modified_gmt":"2025-03-25T16:02:12","slug":"tisdag-25-mars-2025","status":"publish","type":"post","link":"https:\/\/jensgustafsson.se\/?p=35363","title":{"rendered":"Tisdag 25 mars 2025."},"content":{"rendered":"\n<p class=\"has-medium-font-size\"><em>Idag har vi haft en mulen dag, och det har kommit n\u00e5gra regnst\u00e4nk ocks\u00e5. Regnet \u00e4r inte m\u00e4tbart, kan se att det fuktat lite p\u00e5 asfalten p\u00e5 v\u00e4gen h\u00e4r utanf\u00f6r f\u00f6nstret.<\/em><\/p>\n\n\n\n<p class=\"has-medium-font-size\"><em>Inga minusgrader i natt, den l\u00e4gsta temperaturen blev +1,8 grader. Den h\u00f6gsta dagstemperaturen blev +9,6 grader.<\/em><\/p>\n\n\n\n<p class=\"has-medium-font-size\"><em>Vinden har varit m\u00e5ttlig, sydv\u00e4stlig idag.<\/em><\/p>\n\n\n\n<figure class=\"wp-block-image size-large\"><img loading=\"lazy\" decoding=\"async\" width=\"1024\" height=\"683\" src=\"https:\/\/media1.jensgustafsson.se\/2025\/03\/DSC_1797-1024x683.jpg\" alt=\"\" class=\"wp-image-35365\" srcset=\"https:\/\/media1.jensgustafsson.se\/2025\/03\/DSC_1797-1024x683.jpg 1024w, https:\/\/media1.jensgustafsson.se\/2025\/03\/DSC_1797-300x200.jpg 300w, https:\/\/media1.jensgustafsson.se\/2025\/03\/DSC_1797-768x512.jpg 768w, https:\/\/media1.jensgustafsson.se\/2025\/03\/DSC_1797-1536x1024.jpg 1536w, https:\/\/media1.jensgustafsson.se\/2025\/03\/DSC_1797-2048x1365.jpg 2048w, https:\/\/media1.jensgustafsson.se\/2025\/03\/DSC_1797-450x300.jpg 450w\" sizes=\"auto, (max-width: 1024px) 100vw, 1024px\" \/><\/figure>\n\n\n\n<p class=\"has-medium-font-size\"><em>En sammanfattning fr\u00e5n min v\u00e4derstation, f\u00f6r de senaste 24 timmarna:<\/em><\/p>\n\n\n\n<p class=\"has-medium-font-size\"><strong>20250325 kl. 17.00<br \/>Min. temp: 1,8 \u00b0C<br \/>Max. temp: 9,6 \u00b0C<br \/>Min. lufttryck: 1005,6 hPa<br \/>Max. lufttryck: 1010 hPa<br \/>Min.luftfuktigh. 44 %<br \/>Max.luftfuktigh. 77 %<br \/>Domin. vindriktn.: Sydv\u00e4stlig.<br \/>Maxvind: 8 m\/s.<br \/>Nederb\u00f6rd: 0 mm<br \/>Meteorologisk \u00e5rstid: V\u00e5r<br \/>Kalendarisk \u00e5rstid: V\u00e5rm\u00e5nad 1 av 3<\/strong><\/p>\n\n\n\n<figure class=\"wp-block-image size-large\"><img loading=\"lazy\" decoding=\"async\" width=\"1024\" height=\"464\" src=\"https:\/\/media1.jensgustafsson.se\/2025\/03\/image-49-1024x464.png\" alt=\"\" class=\"wp-image-35370\" srcset=\"https:\/\/media1.jensgustafsson.se\/2025\/03\/image-49-1024x464.png 1024w, https:\/\/media1.jensgustafsson.se\/2025\/03\/image-49-300x136.png 300w, https:\/\/media1.jensgustafsson.se\/2025\/03\/image-49-768x348.png 768w, https:\/\/media1.jensgustafsson.se\/2025\/03\/image-49-1536x696.png 1536w, https:\/\/media1.jensgustafsson.se\/2025\/03\/image-49-500x227.png 500w, https:\/\/media1.jensgustafsson.se\/2025\/03\/image-49.png 1843w\" sizes=\"auto, (max-width: 1024px) 100vw, 1024px\" \/><figcaption class=\"wp-element-caption\"><strong><em>M\u00e5nadens medeltemperatur \u00e4r t.o.m. idag 2,4 grader h\u00f6gre\u00a0 j\u00e4mf\u00f6rt mot den normala.<\/em><\/strong><\/figcaption><\/figure>\n\n\n\n<figure class=\"wp-block-image size-large\"><img loading=\"lazy\" decoding=\"async\" width=\"1024\" height=\"524\" src=\"https:\/\/media1.jensgustafsson.se\/2025\/03\/image-50-1024x524.png\" alt=\"\" class=\"wp-image-35371\" srcset=\"https:\/\/media1.jensgustafsson.se\/2025\/03\/image-50-1024x524.png 1024w, https:\/\/media1.jensgustafsson.se\/2025\/03\/image-50-300x154.png 300w, https:\/\/media1.jensgustafsson.se\/2025\/03\/image-50-768x393.png 768w, https:\/\/media1.jensgustafsson.se\/2025\/03\/image-50-500x256.png 500w, https:\/\/media1.jensgustafsson.se\/2025\/03\/image-50.png 1485w\" sizes=\"auto, (max-width: 1024px) 100vw, 1024px\" \/><figcaption class=\"wp-element-caption\"><strong><em>M\u00e5nadens nederb\u00f6rd \u00e4r t.o.m. idag 23% av den normala.<\/em><\/strong><\/figcaption><\/figure>\n\n\n\n<p><\/p>\n","protected":false},"excerpt":{"rendered":"<p>Idag har vi haft en mulen dag, och det har kommit n\u00e5gra regnst\u00e4nk ocks\u00e5. Regnet \u00e4r inte m\u00e4tbart, kan se att det fuktat lite p\u00e5 asfalten p\u00e5 v\u00e4gen h\u00e4r utanf\u00f6r f\u00f6nstret. Inga minusgrader i natt, den l\u00e4gsta temperaturen blev +1,8 &hellip; <a href=\"https:\/\/jensgustafsson.se\/?p=35363\">Forts\u00e4tt l\u00e4sa <span class=\"meta-nav\">&rarr;<\/span><\/a><\/p>\n","protected":false},"author":1,"featured_media":0,"comment_status":"closed","ping_status":"","sticky":false,"template":"","format":"standard","meta":{"footnotes":""},"categories":[10],"tags":[],"class_list":["post-35363","post","type-post","status-publish","format-standard","hentry","category-vaderdagbok-2013"],"_links":{"self":[{"href":"https:\/\/jensgustafsson.se\/index.php?rest_route=\/wp\/v2\/posts\/35363","targetHints":{"allow":["GET"]}}],"collection":[{"href":"https:\/\/jensgustafsson.se\/index.php?rest_route=\/wp\/v2\/posts"}],"about":[{"href":"https:\/\/jensgustafsson.se\/index.php?rest_route=\/wp\/v2\/types\/post"}],"author":[{"embeddable":true,"href":"https:\/\/jensgustafsson.se\/index.php?rest_route=\/wp\/v2\/users\/1"}],"replies":[{"embeddable":true,"href":"https:\/\/jensgustafsson.se\/index.php?rest_route=%2Fwp%2Fv2%2Fcomments&post=35363"}],"version-history":[{"count":4,"href":"https:\/\/jensgustafsson.se\/index.php?rest_route=\/wp\/v2\/posts\/35363\/revisions"}],"predecessor-version":[{"id":35373,"href":"https:\/\/jensgustafsson.se\/index.php?rest_route=\/wp\/v2\/posts\/35363\/revisions\/35373"}],"wp:attachment":[{"href":"https:\/\/jensgustafsson.se\/index.php?rest_route=%2Fwp%2Fv2%2Fmedia&parent=35363"}],"wp:term":[{"taxonomy":"category","embeddable":true,"href":"https:\/\/jensgustafsson.se\/index.php?rest_route=%2Fwp%2Fv2%2Fcategories&post=35363"},{"taxonomy":"post_tag","embeddable":true,"href":"https:\/\/jensgustafsson.se\/index.php?rest_route=%2Fwp%2Fv2%2Ftags&post=35363"}],"curies":[{"name":"wp","href":"https:\/\/api.w.org\/{rel}","templated":true}]}}