{"id":35374,"date":"2025-03-26T17:32:41","date_gmt":"2025-03-26T16:32:41","guid":{"rendered":"https:\/\/jensgustafsson.se\/?p=35374"},"modified":"2025-03-26T17:32:41","modified_gmt":"2025-03-26T16:32:41","slug":"onsdag-26-mars-2025","status":"publish","type":"post","link":"https:\/\/jensgustafsson.se\/?p=35374","title":{"rendered":"Onsdag 26 mars 2025."},"content":{"rendered":"\n<p class=\"has-medium-font-size\"><em>En mestadels mulen dag, men med lite ljusare partier bland molnen vid n\u00e5gra tillf\u00e4llen. Under eftermiddagen har vi f\u00e5tt ett par l\u00e4tta regnskurar ocks\u00e5. <\/em><\/p>\n\n\n\n<p class=\"has-medium-font-size\"><em>Ett milt dygn har vi haft, den l\u00e4gsta temperaturen blev +6,5 grader, och den h\u00f6gsta blev +10,4 grader.<\/em><\/p>\n\n\n\n<p class=\"has-medium-font-size\"><em>Vinden har varit svag, nordv\u00e4stlig idag.<\/em><\/p>\n\n\n\n<figure class=\"wp-block-image size-large\"><img loading=\"lazy\" decoding=\"async\" width=\"1024\" height=\"768\" src=\"https:\/\/media1.jensgustafsson.se\/2025\/03\/26-mars-2025-1-1024x768.jpg\" alt=\"\" class=\"wp-image-35377\" srcset=\"https:\/\/media1.jensgustafsson.se\/2025\/03\/26-mars-2025-1-1024x768.jpg 1024w, https:\/\/media1.jensgustafsson.se\/2025\/03\/26-mars-2025-1-300x225.jpg 300w, https:\/\/media1.jensgustafsson.se\/2025\/03\/26-mars-2025-1-768x576.jpg 768w, https:\/\/media1.jensgustafsson.se\/2025\/03\/26-mars-2025-1-1536x1152.jpg 1536w, https:\/\/media1.jensgustafsson.se\/2025\/03\/26-mars-2025-1-400x300.jpg 400w, https:\/\/media1.jensgustafsson.se\/2025\/03\/26-mars-2025-1.jpg 1920w\" sizes=\"auto, (max-width: 1024px) 100vw, 1024px\" \/><figcaption class=\"wp-element-caption\"><strong><em>Mulet v\u00e4der p\u00e5 f\u00f6rmiddagspromenaden idag.<\/em><\/strong><\/figcaption><\/figure>\n\n\n\n<p class=\"has-medium-font-size\"><em>En sammanfattning fr\u00e5n min v\u00e4derstation, f\u00f6r de senaste 24 timmarna:<\/em><\/p>\n\n\n\n<p class=\"has-medium-font-size\"><strong>20250326 kl. 17.30<br \/>Min. temp: 6,5 \u00b0C<br \/>Max. temp: 10,4 \u00b0C<br \/>Min. lufttryck: 1005,6 hPa<br \/>Max. lufttryck: 1013,6 hPa<br \/>Min.luftfuktigh. 68 %<br \/>Max.luftfuktigh. 84 %<br \/>Domin. vindriktn.: Nordv\u00e4stlig<br \/>Maxvind: 5 m\/s.<br \/>Nederb\u00f6rd: 1 mm<br \/>Meteorologisk \u00e5rstid: V\u00e5r<br \/>Kalendarisk \u00e5rstid: V\u00e5rm\u00e5nad 1 av 3<\/strong><\/p>\n\n\n\n<figure class=\"wp-block-image size-large\"><img loading=\"lazy\" decoding=\"async\" width=\"1024\" height=\"464\" src=\"https:\/\/media1.jensgustafsson.se\/2025\/03\/image-51-1024x464.png\" alt=\"\" class=\"wp-image-35379\" srcset=\"https:\/\/media1.jensgustafsson.se\/2025\/03\/image-51-1024x464.png 1024w, https:\/\/media1.jensgustafsson.se\/2025\/03\/image-51-300x136.png 300w, https:\/\/media1.jensgustafsson.se\/2025\/03\/image-51-768x348.png 768w, https:\/\/media1.jensgustafsson.se\/2025\/03\/image-51-1536x696.png 1536w, https:\/\/media1.jensgustafsson.se\/2025\/03\/image-51-500x227.png 500w, https:\/\/media1.jensgustafsson.se\/2025\/03\/image-51.png 1843w\" sizes=\"auto, (max-width: 1024px) 100vw, 1024px\" \/><figcaption class=\"wp-element-caption\"><strong><em>M\u00e5nadens medeltemperatur \u00e4r t.o.m. idag 2,5 grader h\u00f6gre\u00a0 j\u00e4mf\u00f6rt mot den normala.<\/em><\/strong><\/figcaption><\/figure>\n\n\n\n<figure class=\"wp-block-image size-large\"><img loading=\"lazy\" decoding=\"async\" width=\"1024\" height=\"524\" src=\"https:\/\/media1.jensgustafsson.se\/2025\/03\/image-52-1024x524.png\" alt=\"\" class=\"wp-image-35380\" srcset=\"https:\/\/media1.jensgustafsson.se\/2025\/03\/image-52-1024x524.png 1024w, https:\/\/media1.jensgustafsson.se\/2025\/03\/image-52-300x154.png 300w, https:\/\/media1.jensgustafsson.se\/2025\/03\/image-52-768x393.png 768w, https:\/\/media1.jensgustafsson.se\/2025\/03\/image-52-500x256.png 500w, https:\/\/media1.jensgustafsson.se\/2025\/03\/image-52.png 1485w\" sizes=\"auto, (max-width: 1024px) 100vw, 1024px\" \/><figcaption class=\"wp-element-caption\"><strong><em>M\u00e5nadens nederb\u00f6rd \u00e4r t.o.m. idag 27% av den normala.<\/em><\/strong><\/figcaption><\/figure>\n\n\n\n<p><\/p>\n","protected":false},"excerpt":{"rendered":"<p>En mestadels mulen dag, men med lite ljusare partier bland molnen vid n\u00e5gra tillf\u00e4llen. Under eftermiddagen har vi f\u00e5tt ett par l\u00e4tta regnskurar ocks\u00e5. Ett milt dygn har vi haft, den l\u00e4gsta temperaturen blev +6,5 grader, och den h\u00f6gsta blev &hellip; <a href=\"https:\/\/jensgustafsson.se\/?p=35374\">Forts\u00e4tt l\u00e4sa <span class=\"meta-nav\">&rarr;<\/span><\/a><\/p>\n","protected":false},"author":1,"featured_media":0,"comment_status":"closed","ping_status":"","sticky":false,"template":"","format":"standard","meta":{"footnotes":""},"categories":[10],"tags":[],"class_list":["post-35374","post","type-post","status-publish","format-standard","hentry","category-vaderdagbok-2013"],"_links":{"self":[{"href":"https:\/\/jensgustafsson.se\/index.php?rest_route=\/wp\/v2\/posts\/35374","targetHints":{"allow":["GET"]}}],"collection":[{"href":"https:\/\/jensgustafsson.se\/index.php?rest_route=\/wp\/v2\/posts"}],"about":[{"href":"https:\/\/jensgustafsson.se\/index.php?rest_route=\/wp\/v2\/types\/post"}],"author":[{"embeddable":true,"href":"https:\/\/jensgustafsson.se\/index.php?rest_route=\/wp\/v2\/users\/1"}],"replies":[{"embeddable":true,"href":"https:\/\/jensgustafsson.se\/index.php?rest_route=%2Fwp%2Fv2%2Fcomments&post=35374"}],"version-history":[{"count":4,"href":"https:\/\/jensgustafsson.se\/index.php?rest_route=\/wp\/v2\/posts\/35374\/revisions"}],"predecessor-version":[{"id":35381,"href":"https:\/\/jensgustafsson.se\/index.php?rest_route=\/wp\/v2\/posts\/35374\/revisions\/35381"}],"wp:attachment":[{"href":"https:\/\/jensgustafsson.se\/index.php?rest_route=%2Fwp%2Fv2%2Fmedia&parent=35374"}],"wp:term":[{"taxonomy":"category","embeddable":true,"href":"https:\/\/jensgustafsson.se\/index.php?rest_route=%2Fwp%2Fv2%2Fcategories&post=35374"},{"taxonomy":"post_tag","embeddable":true,"href":"https:\/\/jensgustafsson.se\/index.php?rest_route=%2Fwp%2Fv2%2Ftags&post=35374"}],"curies":[{"name":"wp","href":"https:\/\/api.w.org\/{rel}","templated":true}]}}