{"id":35382,"date":"2025-03-27T18:17:41","date_gmt":"2025-03-27T17:17:41","guid":{"rendered":"https:\/\/jensgustafsson.se\/?p=35382"},"modified":"2025-03-27T18:17:41","modified_gmt":"2025-03-27T17:17:41","slug":"torsdag-27-mars-2025","status":"publish","type":"post","link":"https:\/\/jensgustafsson.se\/?p=35382","title":{"rendered":"Torsdag 27 mars 2025."},"content":{"rendered":"\n<p class=\"has-medium-font-size\"><em>Tidigt p\u00e5 morgonen var det klar himmel, och minusgrader. Efterhand drog det upp moln, och resten av dagen har vi haft v\u00e4xlande molnighet, men molnen har haft \u00f6vertaget.<\/em><\/p>\n\n\n\n<p class=\"has-medium-font-size\"><em>Den l\u00e4gsta temperaturen blev -2,4 grader, och den h\u00f6gsta blev 9,8 grader.<\/em><\/p>\n\n\n\n<p class=\"has-medium-font-size\"><em>Vinden har varit m\u00e5ttlig till frisk, sydv\u00e4stlig.<\/em><\/p>\n\n\n\n<figure class=\"wp-block-image size-large\"><img loading=\"lazy\" decoding=\"async\" width=\"1024\" height=\"683\" src=\"https:\/\/media1.jensgustafsson.se\/2025\/03\/DSC_1804-1024x683.jpg\" alt=\"\" class=\"wp-image-35383\" srcset=\"https:\/\/media1.jensgustafsson.se\/2025\/03\/DSC_1804-1024x683.jpg 1024w, https:\/\/media1.jensgustafsson.se\/2025\/03\/DSC_1804-300x200.jpg 300w, https:\/\/media1.jensgustafsson.se\/2025\/03\/DSC_1804-768x512.jpg 768w, https:\/\/media1.jensgustafsson.se\/2025\/03\/DSC_1804-1536x1024.jpg 1536w, https:\/\/media1.jensgustafsson.se\/2025\/03\/DSC_1804-2048x1365.jpg 2048w, https:\/\/media1.jensgustafsson.se\/2025\/03\/DSC_1804-450x300.jpg 450w\" sizes=\"auto, (max-width: 1024px) 100vw, 1024px\" \/><figcaption class=\"wp-element-caption\"><strong><em>Vinterg\u00e4ck.<\/em><\/strong><\/figcaption><\/figure>\n\n\n\n<p class=\"has-medium-font-size\"><em>En sammanfattning fr\u00e5n min v\u00e4derstation, f\u00f6r de senaste 24 timmarna:<\/em><\/p>\n\n\n\n<p class=\"has-medium-font-size\"><strong>20250327 kl. 18.00<br \/>Min. temp: -2,4 \u00b0C<br \/>Max. temp: 9,8 \u00b0C<br \/>Min. lufttryck: 1008,8 hPa<br \/>Max. lufttryck: 1015,5 hPa<br \/>Min.luftfuktigh. 66 %<br \/>Max.luftfuktigh. 87 %<br \/>Domin. vindriktn.: Sydv\u00e4stlig<br \/>Maxvind: 9 m\/s.<br \/>Nederb\u00f6rd: 0 mm<br \/>Meteorologisk \u00e5rstid: V\u00e5r<br \/>Kalendarisk \u00e5rstid: V\u00e5rm\u00e5nad 1 av 3<\/strong><\/p>\n\n\n\n<figure class=\"wp-block-image size-large\"><img loading=\"lazy\" decoding=\"async\" width=\"1024\" height=\"464\" src=\"https:\/\/media1.jensgustafsson.se\/2025\/03\/image-53-1024x464.png\" alt=\"\" class=\"wp-image-35385\" srcset=\"https:\/\/media1.jensgustafsson.se\/2025\/03\/image-53-1024x464.png 1024w, https:\/\/media1.jensgustafsson.se\/2025\/03\/image-53-300x136.png 300w, https:\/\/media1.jensgustafsson.se\/2025\/03\/image-53-768x348.png 768w, https:\/\/media1.jensgustafsson.se\/2025\/03\/image-53-1536x696.png 1536w, https:\/\/media1.jensgustafsson.se\/2025\/03\/image-53-500x227.png 500w, https:\/\/media1.jensgustafsson.se\/2025\/03\/image-53.png 1843w\" sizes=\"auto, (max-width: 1024px) 100vw, 1024px\" \/><figcaption class=\"wp-element-caption\"><strong><em>M\u00e5nadens medeltemperatur \u00e4r t.o.m. idag 2,5 grader h\u00f6gre\u00a0 j\u00e4mf\u00f6rt mot den normala.<\/em><\/strong><\/figcaption><\/figure>\n\n\n\n<figure class=\"wp-block-image size-large\"><img loading=\"lazy\" decoding=\"async\" width=\"1024\" height=\"524\" src=\"https:\/\/media1.jensgustafsson.se\/2025\/03\/image-54-1024x524.png\" alt=\"\" class=\"wp-image-35386\" srcset=\"https:\/\/media1.jensgustafsson.se\/2025\/03\/image-54-1024x524.png 1024w, https:\/\/media1.jensgustafsson.se\/2025\/03\/image-54-300x154.png 300w, https:\/\/media1.jensgustafsson.se\/2025\/03\/image-54-768x393.png 768w, https:\/\/media1.jensgustafsson.se\/2025\/03\/image-54-500x256.png 500w, https:\/\/media1.jensgustafsson.se\/2025\/03\/image-54.png 1485w\" sizes=\"auto, (max-width: 1024px) 100vw, 1024px\" \/><figcaption class=\"wp-element-caption\"><strong><em>M\u00e5nadens nederb\u00f6rd \u00e4r t.o.m. idag 27% av den normala.<\/em><\/strong><\/figcaption><\/figure>\n\n\n\n<p><\/p>\n","protected":false},"excerpt":{"rendered":"<p>Tidigt p\u00e5 morgonen var det klar himmel, och minusgrader. Efterhand drog det upp moln, och resten av dagen har vi haft v\u00e4xlande molnighet, men molnen har haft \u00f6vertaget. Den l\u00e4gsta temperaturen blev -2,4 grader, och den h\u00f6gsta blev 9,8 grader. &hellip; <a href=\"https:\/\/jensgustafsson.se\/?p=35382\">Forts\u00e4tt l\u00e4sa <span class=\"meta-nav\">&rarr;<\/span><\/a><\/p>\n","protected":false},"author":1,"featured_media":0,"comment_status":"closed","ping_status":"","sticky":false,"template":"","format":"standard","meta":{"footnotes":""},"categories":[10],"tags":[],"class_list":["post-35382","post","type-post","status-publish","format-standard","hentry","category-vaderdagbok-2013"],"_links":{"self":[{"href":"https:\/\/jensgustafsson.se\/index.php?rest_route=\/wp\/v2\/posts\/35382","targetHints":{"allow":["GET"]}}],"collection":[{"href":"https:\/\/jensgustafsson.se\/index.php?rest_route=\/wp\/v2\/posts"}],"about":[{"href":"https:\/\/jensgustafsson.se\/index.php?rest_route=\/wp\/v2\/types\/post"}],"author":[{"embeddable":true,"href":"https:\/\/jensgustafsson.se\/index.php?rest_route=\/wp\/v2\/users\/1"}],"replies":[{"embeddable":true,"href":"https:\/\/jensgustafsson.se\/index.php?rest_route=%2Fwp%2Fv2%2Fcomments&post=35382"}],"version-history":[{"count":2,"href":"https:\/\/jensgustafsson.se\/index.php?rest_route=\/wp\/v2\/posts\/35382\/revisions"}],"predecessor-version":[{"id":35387,"href":"https:\/\/jensgustafsson.se\/index.php?rest_route=\/wp\/v2\/posts\/35382\/revisions\/35387"}],"wp:attachment":[{"href":"https:\/\/jensgustafsson.se\/index.php?rest_route=%2Fwp%2Fv2%2Fmedia&parent=35382"}],"wp:term":[{"taxonomy":"category","embeddable":true,"href":"https:\/\/jensgustafsson.se\/index.php?rest_route=%2Fwp%2Fv2%2Fcategories&post=35382"},{"taxonomy":"post_tag","embeddable":true,"href":"https:\/\/jensgustafsson.se\/index.php?rest_route=%2Fwp%2Fv2%2Ftags&post=35382"}],"curies":[{"name":"wp","href":"https:\/\/api.w.org\/{rel}","templated":true}]}}