{"id":35388,"date":"2025-03-28T17:53:02","date_gmt":"2025-03-28T16:53:02","guid":{"rendered":"https:\/\/jensgustafsson.se\/?p=35388"},"modified":"2025-03-28T17:53:02","modified_gmt":"2025-03-28T16:53:02","slug":"fredag-28-mars-2025","status":"publish","type":"post","link":"https:\/\/jensgustafsson.se\/?p=35388","title":{"rendered":"Fredag 28 mars 2025."},"content":{"rendered":"\n<p class=\"has-medium-font-size\"><em>P\u00e5 morgonen var det molnigt idag. Molnen l\u00e4ttade efterhand under dagen, och eftermiddagen har solen lyst fr\u00e5n i princip molnfri himmel. Vi har idag f\u00e5tt en ny h\u00f6gsta temperatur f\u00f6r i \u00e5r, med +17,3 grader. Behaglig v\u00e5rv\u00e4rme, och vinden har inte varit kylig heller. <\/em><\/p>\n\n\n\n<p class=\"has-medium-font-size\"><em>Den l\u00e4gsta temperaturen under natten blev +3,4 grader, och som jag skrev ovan h\u00e4r, s\u00e5 stack maxtemperaturen upp \u00e4nda till +17,3 grader.<\/em><\/p>\n\n\n\n<p class=\"has-medium-font-size\"><em>Vinden m\u00e5ttlig till frisk sydv\u00e4stlig.<\/em><\/p>\n\n\n\n<figure class=\"wp-block-image size-large\"><img loading=\"lazy\" decoding=\"async\" width=\"1024\" height=\"768\" src=\"https:\/\/media1.jensgustafsson.se\/2025\/03\/28-mars-2025-2-1024x768.jpg\" alt=\"\" class=\"wp-image-35392\" srcset=\"https:\/\/media1.jensgustafsson.se\/2025\/03\/28-mars-2025-2-1024x768.jpg 1024w, https:\/\/media1.jensgustafsson.se\/2025\/03\/28-mars-2025-2-300x225.jpg 300w, https:\/\/media1.jensgustafsson.se\/2025\/03\/28-mars-2025-2-768x576.jpg 768w, https:\/\/media1.jensgustafsson.se\/2025\/03\/28-mars-2025-2-1536x1152.jpg 1536w, https:\/\/media1.jensgustafsson.se\/2025\/03\/28-mars-2025-2-400x300.jpg 400w, https:\/\/media1.jensgustafsson.se\/2025\/03\/28-mars-2025-2.jpg 1879w\" sizes=\"auto, (max-width: 1024px) 100vw, 1024px\" \/><figcaption class=\"wp-element-caption\"><strong><em>Sol \u00f6ver Klobosj\u00f6n i eftermiddag.<\/em><\/strong><\/figcaption><\/figure>\n\n\n\n<p class=\"has-medium-font-size\"><em>En sammanfattning fr\u00e5n min v\u00e4derstation, f\u00f6r de senaste 24 timmarna:<\/em><\/p>\n\n\n\n<p class=\"has-medium-font-size\"><strong>20250328 kl. 17.30<br \/>Min. temp: 3,4 \u00b0C<br \/>Max. temp: 17,3 \u00b0C<br \/>Min. lufttryck: 1005,7 hPa<br \/>Max. lufttryck: 1009,7 hPa<br \/>Min.luftfuktigh. 39 %<br \/>Max.luftfuktigh. 85 %<br \/>Domin. vindriktn.: Sydv\u00e4stlig<br \/>Maxvind: 9 m\/s.<br \/>Nederb\u00f6rd: 0 mm<br \/>Meteorologisk \u00e5rstid: V\u00e5r<br \/>Kalendarisk \u00e5rstid: V\u00e5rm\u00e5nad 1 av 3<\/strong><\/p>\n\n\n\n<figure class=\"wp-block-image size-large\"><img loading=\"lazy\" decoding=\"async\" width=\"1024\" height=\"464\" src=\"https:\/\/media1.jensgustafsson.se\/2025\/03\/image-55-1024x464.png\" alt=\"\" class=\"wp-image-35389\" srcset=\"https:\/\/media1.jensgustafsson.se\/2025\/03\/image-55-1024x464.png 1024w, https:\/\/media1.jensgustafsson.se\/2025\/03\/image-55-300x136.png 300w, https:\/\/media1.jensgustafsson.se\/2025\/03\/image-55-768x348.png 768w, https:\/\/media1.jensgustafsson.se\/2025\/03\/image-55-1536x696.png 1536w, https:\/\/media1.jensgustafsson.se\/2025\/03\/image-55-500x227.png 500w, https:\/\/media1.jensgustafsson.se\/2025\/03\/image-55.png 1843w\" sizes=\"auto, (max-width: 1024px) 100vw, 1024px\" \/><figcaption class=\"wp-element-caption\"><strong><em>M\u00e5nadens medeltemperatur \u00e4r t.o.m. idag 2,7 grader h\u00f6gre&nbsp; j\u00e4mf\u00f6rt mot den normala.<\/em><\/strong><\/figcaption><\/figure>\n\n\n\n<figure class=\"wp-block-image size-large\"><img loading=\"lazy\" decoding=\"async\" width=\"1024\" height=\"524\" src=\"https:\/\/media1.jensgustafsson.se\/2025\/03\/image-56-1024x524.png\" alt=\"\" class=\"wp-image-35390\" srcset=\"https:\/\/media1.jensgustafsson.se\/2025\/03\/image-56-1024x524.png 1024w, https:\/\/media1.jensgustafsson.se\/2025\/03\/image-56-300x154.png 300w, https:\/\/media1.jensgustafsson.se\/2025\/03\/image-56-768x393.png 768w, https:\/\/media1.jensgustafsson.se\/2025\/03\/image-56-500x256.png 500w, https:\/\/media1.jensgustafsson.se\/2025\/03\/image-56.png 1485w\" sizes=\"auto, (max-width: 1024px) 100vw, 1024px\" \/><figcaption class=\"wp-element-caption\"><strong><em>M\u00e5nadens nederb\u00f6rd \u00e4r t.o.m. idag 27% av den normala.<\/em><\/strong><\/figcaption><\/figure>\n","protected":false},"excerpt":{"rendered":"<p>P\u00e5 morgonen var det molnigt idag. Molnen l\u00e4ttade efterhand under dagen, och eftermiddagen har solen lyst fr\u00e5n i princip molnfri himmel. Vi har idag f\u00e5tt en ny h\u00f6gsta temperatur f\u00f6r i \u00e5r, med +17,3 grader. Behaglig v\u00e5rv\u00e4rme, och vinden har &hellip; <a href=\"https:\/\/jensgustafsson.se\/?p=35388\">Forts\u00e4tt l\u00e4sa <span class=\"meta-nav\">&rarr;<\/span><\/a><\/p>\n","protected":false},"author":1,"featured_media":0,"comment_status":"closed","ping_status":"","sticky":false,"template":"","format":"standard","meta":{"footnotes":""},"categories":[10],"tags":[],"class_list":["post-35388","post","type-post","status-publish","format-standard","hentry","category-vaderdagbok-2013"],"_links":{"self":[{"href":"https:\/\/jensgustafsson.se\/index.php?rest_route=\/wp\/v2\/posts\/35388","targetHints":{"allow":["GET"]}}],"collection":[{"href":"https:\/\/jensgustafsson.se\/index.php?rest_route=\/wp\/v2\/posts"}],"about":[{"href":"https:\/\/jensgustafsson.se\/index.php?rest_route=\/wp\/v2\/types\/post"}],"author":[{"embeddable":true,"href":"https:\/\/jensgustafsson.se\/index.php?rest_route=\/wp\/v2\/users\/1"}],"replies":[{"embeddable":true,"href":"https:\/\/jensgustafsson.se\/index.php?rest_route=%2Fwp%2Fv2%2Fcomments&post=35388"}],"version-history":[{"count":2,"href":"https:\/\/jensgustafsson.se\/index.php?rest_route=\/wp\/v2\/posts\/35388\/revisions"}],"predecessor-version":[{"id":35393,"href":"https:\/\/jensgustafsson.se\/index.php?rest_route=\/wp\/v2\/posts\/35388\/revisions\/35393"}],"wp:attachment":[{"href":"https:\/\/jensgustafsson.se\/index.php?rest_route=%2Fwp%2Fv2%2Fmedia&parent=35388"}],"wp:term":[{"taxonomy":"category","embeddable":true,"href":"https:\/\/jensgustafsson.se\/index.php?rest_route=%2Fwp%2Fv2%2Fcategories&post=35388"},{"taxonomy":"post_tag","embeddable":true,"href":"https:\/\/jensgustafsson.se\/index.php?rest_route=%2Fwp%2Fv2%2Ftags&post=35388"}],"curies":[{"name":"wp","href":"https:\/\/api.w.org\/{rel}","templated":true}]}}