{"id":35395,"date":"2025-03-29T18:07:13","date_gmt":"2025-03-29T17:07:13","guid":{"rendered":"https:\/\/jensgustafsson.se\/?p=35395"},"modified":"2025-03-29T18:07:13","modified_gmt":"2025-03-29T17:07:13","slug":"lordag-29-mars-2025","status":"publish","type":"post","link":"https:\/\/jensgustafsson.se\/?p=35395","title":{"rendered":"L\u00f6rdag 29 mars 2025."},"content":{"rendered":"\n<p class=\"has-medium-font-size\"><em>En molnfri natt med n\u00e5gra minusgrader. P\u00e5 dagen har solen varit dominerande, men under eftermiddagen s\u00e5 b\u00f6rjade det dra upp tunna moln.<\/em><\/p>\n\n\n\n<p class=\"has-medium-font-size\"><em>Den l\u00e4gsta temperaturen blev -1,9 grader, och den h\u00f6gsta blev +14,9 grader.<\/em><\/p>\n\n\n\n<p class=\"has-medium-font-size\"><em>Vinden har varit m\u00e5ttlig, och \u00f6verv\u00e4gande v\u00e4stlig.<\/em><\/p>\n\n\n\n<figure class=\"wp-block-image size-large\"><img loading=\"lazy\" decoding=\"async\" width=\"1024\" height=\"683\" src=\"https:\/\/media1.jensgustafsson.se\/2025\/03\/DSC_1877-1024x683.jpg\" alt=\"\" class=\"wp-image-35396\" srcset=\"https:\/\/media1.jensgustafsson.se\/2025\/03\/DSC_1877-1024x683.jpg 1024w, https:\/\/media1.jensgustafsson.se\/2025\/03\/DSC_1877-300x200.jpg 300w, https:\/\/media1.jensgustafsson.se\/2025\/03\/DSC_1877-768x512.jpg 768w, https:\/\/media1.jensgustafsson.se\/2025\/03\/DSC_1877-1536x1024.jpg 1536w, https:\/\/media1.jensgustafsson.se\/2025\/03\/DSC_1877-2048x1365.jpg 2048w, https:\/\/media1.jensgustafsson.se\/2025\/03\/DSC_1877-450x300.jpg 450w\" sizes=\"auto, (max-width: 1024px) 100vw, 1024px\" \/><figcaption class=\"wp-element-caption\"><strong><em>P\u00e5 morgonen idag.<\/em><\/strong><\/figcaption><\/figure>\n\n\n\n<figure class=\"wp-block-image size-large\"><img loading=\"lazy\" decoding=\"async\" width=\"1024\" height=\"683\" src=\"https:\/\/media1.jensgustafsson.se\/2025\/03\/DSC_1936-1024x683.jpg\" alt=\"\" class=\"wp-image-35397\" srcset=\"https:\/\/media1.jensgustafsson.se\/2025\/03\/DSC_1936-1024x683.jpg 1024w, https:\/\/media1.jensgustafsson.se\/2025\/03\/DSC_1936-300x200.jpg 300w, https:\/\/media1.jensgustafsson.se\/2025\/03\/DSC_1936-768x512.jpg 768w, https:\/\/media1.jensgustafsson.se\/2025\/03\/DSC_1936-1536x1024.jpg 1536w, https:\/\/media1.jensgustafsson.se\/2025\/03\/DSC_1936-2048x1365.jpg 2048w, https:\/\/media1.jensgustafsson.se\/2025\/03\/DSC_1936-450x300.jpg 450w\" sizes=\"auto, (max-width: 1024px) 100vw, 1024px\" \/><figcaption class=\"wp-element-caption\"><strong><em>Mosipporna \u00e4r i full blom nu, och h\u00e4r har en citronfj\u00e4ril landat ocks\u00e5.<\/em><\/strong><\/figcaption><\/figure>\n\n\n\n<p class=\"has-medium-font-size\"><em>En sammanfattning fr\u00e5n min v\u00e4derstation, f\u00f6r de senaste 24 timmarna:<\/em><\/p>\n\n\n\n<p class=\"has-medium-font-size\"><strong>20250329 kl. 18.00<br \/>Min. temp: -1,9 \u00b0C<br \/>Max. temp: 14,9 \u00b0C<br \/>Min. lufttryck: 1005,9 hPa<br \/>Max. lufttryck: 1009,4 hPa<br \/>Min.luftfuktigh. 43 %<br \/>Max.luftfuktigh. 81 %<br \/>Domin. vindriktn.: V\u00e4stlig<br \/>Maxvind: 6 m\/s.<br \/>Nederb\u00f6rd: 0 mm<br \/>Meteorologisk \u00e5rstid: V\u00e5r<br \/>Kalendarisk \u00e5rstid: V\u00e5rm\u00e5nad 1 av 3<\/strong><\/p>\n\n\n\n<figure class=\"wp-block-image size-large\"><img loading=\"lazy\" decoding=\"async\" width=\"1024\" height=\"464\" src=\"https:\/\/media1.jensgustafsson.se\/2025\/03\/image-57-1024x464.png\" alt=\"\" class=\"wp-image-35400\" srcset=\"https:\/\/media1.jensgustafsson.se\/2025\/03\/image-57-1024x464.png 1024w, https:\/\/media1.jensgustafsson.se\/2025\/03\/image-57-300x136.png 300w, https:\/\/media1.jensgustafsson.se\/2025\/03\/image-57-768x348.png 768w, https:\/\/media1.jensgustafsson.se\/2025\/03\/image-57-1536x696.png 1536w, https:\/\/media1.jensgustafsson.se\/2025\/03\/image-57-500x227.png 500w, https:\/\/media1.jensgustafsson.se\/2025\/03\/image-57.png 1843w\" sizes=\"auto, (max-width: 1024px) 100vw, 1024px\" \/><figcaption class=\"wp-element-caption\"><strong><em>M\u00e5nadens medeltemperatur \u00e4r t.o.m. idag 2,8 grader h\u00f6gre\u00a0 j\u00e4mf\u00f6rt mot den normala.<\/em><\/strong><\/figcaption><\/figure>\n\n\n\n<figure class=\"wp-block-image size-large\"><img loading=\"lazy\" decoding=\"async\" width=\"1024\" height=\"524\" src=\"https:\/\/media1.jensgustafsson.se\/2025\/03\/image-58-1024x524.png\" alt=\"\" class=\"wp-image-35401\" srcset=\"https:\/\/media1.jensgustafsson.se\/2025\/03\/image-58-1024x524.png 1024w, https:\/\/media1.jensgustafsson.se\/2025\/03\/image-58-300x154.png 300w, https:\/\/media1.jensgustafsson.se\/2025\/03\/image-58-768x393.png 768w, https:\/\/media1.jensgustafsson.se\/2025\/03\/image-58-500x256.png 500w, https:\/\/media1.jensgustafsson.se\/2025\/03\/image-58.png 1485w\" sizes=\"auto, (max-width: 1024px) 100vw, 1024px\" \/><figcaption class=\"wp-element-caption\"><strong><em>M\u00e5nadens nederb\u00f6rd \u00e4r t.o.m. idag 27% av den normala.<\/em><\/strong><\/figcaption><\/figure>\n\n\n\n<p><\/p>\n","protected":false},"excerpt":{"rendered":"<p>En molnfri natt med n\u00e5gra minusgrader. P\u00e5 dagen har solen varit dominerande, men under eftermiddagen s\u00e5 b\u00f6rjade det dra upp tunna moln. Den l\u00e4gsta temperaturen blev -1,9 grader, och den h\u00f6gsta blev +14,9 grader. Vinden har varit m\u00e5ttlig, och \u00f6verv\u00e4gande &hellip; <a href=\"https:\/\/jensgustafsson.se\/?p=35395\">Forts\u00e4tt l\u00e4sa <span class=\"meta-nav\">&rarr;<\/span><\/a><\/p>\n","protected":false},"author":1,"featured_media":0,"comment_status":"closed","ping_status":"","sticky":false,"template":"","format":"standard","meta":{"footnotes":""},"categories":[10],"tags":[],"class_list":["post-35395","post","type-post","status-publish","format-standard","hentry","category-vaderdagbok-2013"],"_links":{"self":[{"href":"https:\/\/jensgustafsson.se\/index.php?rest_route=\/wp\/v2\/posts\/35395","targetHints":{"allow":["GET"]}}],"collection":[{"href":"https:\/\/jensgustafsson.se\/index.php?rest_route=\/wp\/v2\/posts"}],"about":[{"href":"https:\/\/jensgustafsson.se\/index.php?rest_route=\/wp\/v2\/types\/post"}],"author":[{"embeddable":true,"href":"https:\/\/jensgustafsson.se\/index.php?rest_route=\/wp\/v2\/users\/1"}],"replies":[{"embeddable":true,"href":"https:\/\/jensgustafsson.se\/index.php?rest_route=%2Fwp%2Fv2%2Fcomments&post=35395"}],"version-history":[{"count":3,"href":"https:\/\/jensgustafsson.se\/index.php?rest_route=\/wp\/v2\/posts\/35395\/revisions"}],"predecessor-version":[{"id":35402,"href":"https:\/\/jensgustafsson.se\/index.php?rest_route=\/wp\/v2\/posts\/35395\/revisions\/35402"}],"wp:attachment":[{"href":"https:\/\/jensgustafsson.se\/index.php?rest_route=%2Fwp%2Fv2%2Fmedia&parent=35395"}],"wp:term":[{"taxonomy":"category","embeddable":true,"href":"https:\/\/jensgustafsson.se\/index.php?rest_route=%2Fwp%2Fv2%2Fcategories&post=35395"},{"taxonomy":"post_tag","embeddable":true,"href":"https:\/\/jensgustafsson.se\/index.php?rest_route=%2Fwp%2Fv2%2Ftags&post=35395"}],"curies":[{"name":"wp","href":"https:\/\/api.w.org\/{rel}","templated":true}]}}