{"id":35408,"date":"2025-03-30T17:08:32","date_gmt":"2025-03-30T16:08:32","guid":{"rendered":"https:\/\/jensgustafsson.se\/?p=35408"},"modified":"2025-03-30T17:08:32","modified_gmt":"2025-03-30T16:08:32","slug":"sondag-30-mars-2025","status":"publish","type":"post","link":"https:\/\/jensgustafsson.se\/?p=35408","title":{"rendered":"S\u00f6ndag 30 mars 2025."},"content":{"rendered":"\n<p class=\"has-medium-font-size\"><em>Under natten till idag var det bara l\u00e4tta moln och minusgrader. P\u00e5 morgonen mulnade det snabbt, och resten av dagen har det mulna v\u00e4dret dominerat. Tidvis l\u00e4tt regn ocks\u00e5, och mest under eftermiddagen. Det forts\u00e4tter regna lite l\u00e4tt nu i skrivande stund.<\/em><\/p>\n\n\n\n<p class=\"has-medium-font-size\"><em>Lite kyligare idag j\u00e4mf\u00f6rt med de senaste dagarna. Den l\u00e4gsta temperaturen blev -2,1 grader, och den h\u00f6gsta blev +7,6 grader.<\/em><\/p>\n\n\n\n<p class=\"has-medium-font-size\"><em>Vinden har varit svag, omkring sydost idag.<\/em><\/p>\n\n\n\n<figure class=\"wp-block-image size-large\"><img loading=\"lazy\" decoding=\"async\" width=\"1024\" height=\"625\" src=\"https:\/\/media1.jensgustafsson.se\/2025\/03\/DSC_1893-1024x625.jpg\" alt=\"\" class=\"wp-image-35410\" srcset=\"https:\/\/media1.jensgustafsson.se\/2025\/03\/DSC_1893-1024x625.jpg 1024w, https:\/\/media1.jensgustafsson.se\/2025\/03\/DSC_1893-300x183.jpg 300w, https:\/\/media1.jensgustafsson.se\/2025\/03\/DSC_1893-768x468.jpg 768w, https:\/\/media1.jensgustafsson.se\/2025\/03\/DSC_1893-1536x937.jpg 1536w, https:\/\/media1.jensgustafsson.se\/2025\/03\/DSC_1893-2048x1249.jpg 2048w, https:\/\/media1.jensgustafsson.se\/2025\/03\/DSC_1893-492x300.jpg 492w\" sizes=\"auto, (max-width: 1024px) 100vw, 1024px\" \/><figcaption class=\"wp-element-caption\"><strong><em>En kanadag\u00e5s i morgonljus.<\/em><\/strong><\/figcaption><\/figure>\n\n\n\n<p class=\"has-medium-font-size\"><em>En sammanfattning fr\u00e5n min v\u00e4derstation, f\u00f6r de senaste 24 timmarna:<\/em><\/p>\n\n\n\n<p class=\"has-medium-font-size\"><strong>20250330 kl. 18.00<br \/>Min. temp: -2,1 \u00b0C<br \/>Max. temp: 7,6 \u00b0C<br \/>Min. lufttryck: 1000,6 hPa<br \/>Max. lufttryck: 1008,8 hPa<br \/>Min.luftfuktigh. 50 %<br \/>Max.luftfuktigh. 82 %<br \/>Domin. vindriktn.: Sydostlig<br \/>Maxvind: 6 m\/s.<br \/>Nederb\u00f6rd: 1 mm<br \/>Meteorologisk \u00e5rstid: V\u00e5r<br \/>Kalendarisk \u00e5rstid: V\u00e5rm\u00e5nad 1 av 3<\/strong><\/p>\n\n\n\n<figure class=\"wp-block-image size-large\"><img loading=\"lazy\" decoding=\"async\" width=\"1024\" height=\"464\" src=\"https:\/\/media1.jensgustafsson.se\/2025\/03\/image-59-1024x464.png\" alt=\"\" class=\"wp-image-35412\" srcset=\"https:\/\/media1.jensgustafsson.se\/2025\/03\/image-59-1024x464.png 1024w, https:\/\/media1.jensgustafsson.se\/2025\/03\/image-59-300x136.png 300w, https:\/\/media1.jensgustafsson.se\/2025\/03\/image-59-768x348.png 768w, https:\/\/media1.jensgustafsson.se\/2025\/03\/image-59-1536x696.png 1536w, https:\/\/media1.jensgustafsson.se\/2025\/03\/image-59-500x227.png 500w, https:\/\/media1.jensgustafsson.se\/2025\/03\/image-59.png 1843w\" sizes=\"auto, (max-width: 1024px) 100vw, 1024px\" \/><figcaption class=\"wp-element-caption\"><strong><em>M\u00e5nadens medeltemperatur \u00e4r t.o.m. idag 2,7 grader h\u00f6gre\u00a0 j\u00e4mf\u00f6rt mot den normala.<\/em><\/strong><\/figcaption><\/figure>\n\n\n\n<figure class=\"wp-block-image size-large\"><img loading=\"lazy\" decoding=\"async\" width=\"1024\" height=\"524\" src=\"https:\/\/media1.jensgustafsson.se\/2025\/03\/image-60-1024x524.png\" alt=\"\" class=\"wp-image-35413\" srcset=\"https:\/\/media1.jensgustafsson.se\/2025\/03\/image-60-1024x524.png 1024w, https:\/\/media1.jensgustafsson.se\/2025\/03\/image-60-300x154.png 300w, https:\/\/media1.jensgustafsson.se\/2025\/03\/image-60-768x393.png 768w, https:\/\/media1.jensgustafsson.se\/2025\/03\/image-60-500x256.png 500w, https:\/\/media1.jensgustafsson.se\/2025\/03\/image-60.png 1485w\" sizes=\"auto, (max-width: 1024px) 100vw, 1024px\" \/><figcaption class=\"wp-element-caption\"><strong><em>M\u00e5nadens nederb\u00f6rd \u00e4r t.o.m. idag 31% av den normala.<\/em><\/strong><\/figcaption><\/figure>\n\n\n\n<p><\/p>\n","protected":false},"excerpt":{"rendered":"<p>Under natten till idag var det bara l\u00e4tta moln och minusgrader. P\u00e5 morgonen mulnade det snabbt, och resten av dagen har det mulna v\u00e4dret dominerat. Tidvis l\u00e4tt regn ocks\u00e5, och mest under eftermiddagen. Det forts\u00e4tter regna lite l\u00e4tt nu i &hellip; <a href=\"https:\/\/jensgustafsson.se\/?p=35408\">Forts\u00e4tt l\u00e4sa <span class=\"meta-nav\">&rarr;<\/span><\/a><\/p>\n","protected":false},"author":1,"featured_media":0,"comment_status":"closed","ping_status":"","sticky":false,"template":"","format":"standard","meta":{"footnotes":""},"categories":[10],"tags":[],"class_list":["post-35408","post","type-post","status-publish","format-standard","hentry","category-vaderdagbok-2013"],"_links":{"self":[{"href":"https:\/\/jensgustafsson.se\/index.php?rest_route=\/wp\/v2\/posts\/35408","targetHints":{"allow":["GET"]}}],"collection":[{"href":"https:\/\/jensgustafsson.se\/index.php?rest_route=\/wp\/v2\/posts"}],"about":[{"href":"https:\/\/jensgustafsson.se\/index.php?rest_route=\/wp\/v2\/types\/post"}],"author":[{"embeddable":true,"href":"https:\/\/jensgustafsson.se\/index.php?rest_route=\/wp\/v2\/users\/1"}],"replies":[{"embeddable":true,"href":"https:\/\/jensgustafsson.se\/index.php?rest_route=%2Fwp%2Fv2%2Fcomments&post=35408"}],"version-history":[{"count":4,"href":"https:\/\/jensgustafsson.se\/index.php?rest_route=\/wp\/v2\/posts\/35408\/revisions"}],"predecessor-version":[{"id":35415,"href":"https:\/\/jensgustafsson.se\/index.php?rest_route=\/wp\/v2\/posts\/35408\/revisions\/35415"}],"wp:attachment":[{"href":"https:\/\/jensgustafsson.se\/index.php?rest_route=%2Fwp%2Fv2%2Fmedia&parent=35408"}],"wp:term":[{"taxonomy":"category","embeddable":true,"href":"https:\/\/jensgustafsson.se\/index.php?rest_route=%2Fwp%2Fv2%2Fcategories&post=35408"},{"taxonomy":"post_tag","embeddable":true,"href":"https:\/\/jensgustafsson.se\/index.php?rest_route=%2Fwp%2Fv2%2Ftags&post=35408"}],"curies":[{"name":"wp","href":"https:\/\/api.w.org\/{rel}","templated":true}]}}