{"id":35462,"date":"2025-04-02T18:33:13","date_gmt":"2025-04-02T17:33:13","guid":{"rendered":"https:\/\/jensgustafsson.se\/?p=35462"},"modified":"2025-04-02T18:33:13","modified_gmt":"2025-04-02T17:33:13","slug":"onsdag-2-april-2025","status":"publish","type":"post","link":"https:\/\/jensgustafsson.se\/?p=35462","title":{"rendered":"Onsdag 2 april 2025."},"content":{"rendered":"\n<p class=\"has-medium-font-size\"><em>En klar natt med nattfrost. Dagen har varit solig, och jag noterar ocks\u00e5 \u00e5rsh\u00f6gsta temperaturen f\u00f6r i \u00e5r s\u00e5 h\u00e4r l\u00e5ngt.<\/em><\/p>\n\n\n\n<p class=\"has-medium-font-size\"><em>Den l\u00e4gsta temperaturen blev -1,7 grader, och den h\u00f6gsta blev +18,2 grader.<\/em><\/p>\n\n\n\n<p class=\"has-medium-font-size\"><em>Vinden har varit svag, och har kommit fr\u00e5n v\u00e4xlande riktningar idag.<\/em><\/p>\n\n\n\n<figure class=\"wp-block-image size-large\"><img loading=\"lazy\" decoding=\"async\" width=\"1024\" height=\"636\" src=\"https:\/\/media1.jensgustafsson.se\/2025\/04\/DSC_2080-1024x636.jpg\" alt=\"\" class=\"wp-image-35464\" srcset=\"https:\/\/media1.jensgustafsson.se\/2025\/04\/DSC_2080-1024x636.jpg 1024w, https:\/\/media1.jensgustafsson.se\/2025\/04\/DSC_2080-300x186.jpg 300w, https:\/\/media1.jensgustafsson.se\/2025\/04\/DSC_2080-768x477.jpg 768w, https:\/\/media1.jensgustafsson.se\/2025\/04\/DSC_2080-1536x954.jpg 1536w, https:\/\/media1.jensgustafsson.se\/2025\/04\/DSC_2080-2048x1272.jpg 2048w, https:\/\/media1.jensgustafsson.se\/2025\/04\/DSC_2080-483x300.jpg 483w\" sizes=\"auto, (max-width: 1024px) 100vw, 1024px\" \/><figcaption class=\"wp-element-caption\"><strong><em>Sol fr\u00e5n klarbl\u00e5 himmel, och \u00e5rsh\u00f6gsta temperatur, s\u00e5 h\u00e4r l\u00e5ngt, +18,2 grader.<\/em><\/strong><\/figcaption><\/figure>\n\n\n\n<p class=\"has-medium-font-size\"><em>En sammanfattning fr\u00e5n min v\u00e4derstation, f\u00f6r de senaste 24 timmarna:<\/em><\/p>\n\n\n\n<p class=\"has-medium-font-size\"><strong>20250402 kl. 19.00<br \/>Min. temp: -1,7 \u00b0C<br \/>Max. temp: 18,2 \u00b0C<br \/>Min. lufttryck: 1025,9 hPa<br \/>Max. lufttryck: 1029,3 hPa<br \/>Min.luftfuktigh. 39 %<br \/>Max.luftfuktigh. 78 %<br \/>Domin. vindriktn.: V\u00e4xlande<br \/>Maxvind: 4 m\/s.<br \/>Nederb\u00f6rd: 0 mm<br \/>Meteorologisk \u00e5rstid: V\u00e5r<br \/>Kalendarisk \u00e5rstid: V\u00e5rm\u00e5nad 2 av 3<\/strong><\/p>\n\n\n\n<p class=\"has-medium-font-size\"><\/p>\n\n\n\n<figure class=\"wp-block-image size-large\"><img loading=\"lazy\" decoding=\"async\" width=\"1024\" height=\"464\" src=\"https:\/\/media1.jensgustafsson.se\/2025\/04\/image-8-1024x464.png\" alt=\"\" class=\"wp-image-35467\" srcset=\"https:\/\/media1.jensgustafsson.se\/2025\/04\/image-8-1024x464.png 1024w, https:\/\/media1.jensgustafsson.se\/2025\/04\/image-8-300x136.png 300w, https:\/\/media1.jensgustafsson.se\/2025\/04\/image-8-768x348.png 768w, https:\/\/media1.jensgustafsson.se\/2025\/04\/image-8-1536x696.png 1536w, https:\/\/media1.jensgustafsson.se\/2025\/04\/image-8-500x227.png 500w, https:\/\/media1.jensgustafsson.se\/2025\/04\/image-8.png 1843w\" sizes=\"auto, (max-width: 1024px) 100vw, 1024px\" \/><figcaption class=\"wp-element-caption\"><strong><em>M\u00e5nadens medeltemperatur \u00e4r t.o.m. idag 0,9\u00a0 grader h\u00f6gre\u00a0 j\u00e4mf\u00f6rt mot den normala.<\/em><\/strong><\/figcaption><\/figure>\n\n\n\n<p class=\"has-medium-font-size\"><\/p>\n","protected":false},"excerpt":{"rendered":"<p>En klar natt med nattfrost. Dagen har varit solig, och jag noterar ocks\u00e5 \u00e5rsh\u00f6gsta temperaturen f\u00f6r i \u00e5r s\u00e5 h\u00e4r l\u00e5ngt. Den l\u00e4gsta temperaturen blev -1,7 grader, och den h\u00f6gsta blev +18,2 grader. Vinden har varit svag, och har kommit &hellip; <a href=\"https:\/\/jensgustafsson.se\/?p=35462\">Forts\u00e4tt l\u00e4sa <span class=\"meta-nav\">&rarr;<\/span><\/a><\/p>\n","protected":false},"author":1,"featured_media":0,"comment_status":"closed","ping_status":"","sticky":false,"template":"","format":"standard","meta":{"footnotes":""},"categories":[10],"tags":[],"class_list":["post-35462","post","type-post","status-publish","format-standard","hentry","category-vaderdagbok-2013"],"_links":{"self":[{"href":"https:\/\/jensgustafsson.se\/index.php?rest_route=\/wp\/v2\/posts\/35462","targetHints":{"allow":["GET"]}}],"collection":[{"href":"https:\/\/jensgustafsson.se\/index.php?rest_route=\/wp\/v2\/posts"}],"about":[{"href":"https:\/\/jensgustafsson.se\/index.php?rest_route=\/wp\/v2\/types\/post"}],"author":[{"embeddable":true,"href":"https:\/\/jensgustafsson.se\/index.php?rest_route=\/wp\/v2\/users\/1"}],"replies":[{"embeddable":true,"href":"https:\/\/jensgustafsson.se\/index.php?rest_route=%2Fwp%2Fv2%2Fcomments&post=35462"}],"version-history":[{"count":4,"href":"https:\/\/jensgustafsson.se\/index.php?rest_route=\/wp\/v2\/posts\/35462\/revisions"}],"predecessor-version":[{"id":35468,"href":"https:\/\/jensgustafsson.se\/index.php?rest_route=\/wp\/v2\/posts\/35462\/revisions\/35468"}],"wp:attachment":[{"href":"https:\/\/jensgustafsson.se\/index.php?rest_route=%2Fwp%2Fv2%2Fmedia&parent=35462"}],"wp:term":[{"taxonomy":"category","embeddable":true,"href":"https:\/\/jensgustafsson.se\/index.php?rest_route=%2Fwp%2Fv2%2Fcategories&post=35462"},{"taxonomy":"post_tag","embeddable":true,"href":"https:\/\/jensgustafsson.se\/index.php?rest_route=%2Fwp%2Fv2%2Ftags&post=35462"}],"curies":[{"name":"wp","href":"https:\/\/api.w.org\/{rel}","templated":true}]}}