{"id":35475,"date":"2025-04-04T16:54:36","date_gmt":"2025-04-04T15:54:36","guid":{"rendered":"https:\/\/jensgustafsson.se\/?p=35475"},"modified":"2025-04-04T16:54:36","modified_gmt":"2025-04-04T15:54:36","slug":"fredag-4-april-2025","status":"publish","type":"post","link":"https:\/\/jensgustafsson.se\/?p=35475","title":{"rendered":"Fredag 4 april 2025."},"content":{"rendered":"\n<p class=\"has-medium-font-size\"><em>P\u00e5 morgonen var det n\u00e4stan klar himmel. Under f\u00f6rmiddagen varierade molnigheten, men solen dominerade. P\u00e5 eftermiddagen har det klarnat upp allt mera, och nu lyser solen fr\u00e5n molnfri himmel.<\/em><\/p>\n\n\n\n<p class=\"has-medium-font-size\"><em>Ingen frost i natt, den l\u00e4gsta temperaturen blev +3,8 grader, och den h\u00f6gsta dagstemperaturen blev +11,3 grader. En rej\u00e4l s\u00e4nkning j\u00e4mf\u00f6rt mot ig\u00e5r.<\/em><\/p>\n\n\n\n<p class=\"has-medium-font-size\"><em>Vinden har pendlat lite mellan nordv\u00e4st-nord-nordost, och varit svag till m\u00e5ttlig i styrka.<\/em><\/p>\n\n\n\n<figure class=\"wp-block-image size-large\"><img loading=\"lazy\" decoding=\"async\" width=\"1024\" height=\"788\" src=\"https:\/\/media1.jensgustafsson.se\/2025\/04\/DSC_2124-1024x788.jpg\" alt=\"\" class=\"wp-image-35477\" srcset=\"https:\/\/media1.jensgustafsson.se\/2025\/04\/DSC_2124-1024x788.jpg 1024w, https:\/\/media1.jensgustafsson.se\/2025\/04\/DSC_2124-300x231.jpg 300w, https:\/\/media1.jensgustafsson.se\/2025\/04\/DSC_2124-768x591.jpg 768w, https:\/\/media1.jensgustafsson.se\/2025\/04\/DSC_2124-1536x1182.jpg 1536w, https:\/\/media1.jensgustafsson.se\/2025\/04\/DSC_2124-2048x1575.jpg 2048w, https:\/\/media1.jensgustafsson.se\/2025\/04\/DSC_2124-390x300.jpg 390w\" sizes=\"auto, (max-width: 1024px) 100vw, 1024px\" \/><figcaption class=\"wp-element-caption\"><strong><em>V\u00e5rl\u00f6k i v\u00e5rsolen i eftermiddag.<\/em><\/strong><\/figcaption><\/figure>\n\n\n\n<p class=\"has-medium-font-size\"><em>En sammanfattning fr\u00e5n min v\u00e4derstation, f\u00f6r de senaste 24 timmarna:<\/em><\/p>\n\n\n\n<p class=\"has-medium-font-size\"><strong>20250404 kl. 18.00<br \/>Min. temp: 3,8 \u00b0C<br \/>Max. temp: 11,3 \u00b0C<br \/>Min. lufttryck: 1016,2 hPa<br \/>Max. lufttryck: 1020,8 hPa<br \/>Min.luftfuktigh. 34 %<br \/>Max.luftfuktigh. 67 %<br \/>Domin. vindriktn.: Nordlig<br \/>Maxvind: 6 m\/s.<br \/>Nederb\u00f6rd: 0 mm<br \/>Meteorologisk \u00e5rstid: V\u00e5r<br \/>Kalendarisk \u00e5rstid: V\u00e5rm\u00e5nad 2 av 3<\/strong><\/p>\n\n\n\n<figure class=\"wp-block-image size-large\"><img loading=\"lazy\" decoding=\"async\" width=\"1024\" height=\"464\" src=\"https:\/\/media1.jensgustafsson.se\/2025\/04\/image-10-1024x464.png\" alt=\"\" class=\"wp-image-35480\" srcset=\"https:\/\/media1.jensgustafsson.se\/2025\/04\/image-10-1024x464.png 1024w, https:\/\/media1.jensgustafsson.se\/2025\/04\/image-10-300x136.png 300w, https:\/\/media1.jensgustafsson.se\/2025\/04\/image-10-768x348.png 768w, https:\/\/media1.jensgustafsson.se\/2025\/04\/image-10-1536x696.png 1536w, https:\/\/media1.jensgustafsson.se\/2025\/04\/image-10-500x227.png 500w, https:\/\/media1.jensgustafsson.se\/2025\/04\/image-10.png 1843w\" sizes=\"auto, (max-width: 1024px) 100vw, 1024px\" \/><figcaption class=\"wp-element-caption\"><strong><em>M\u00e5nadens medeltemperatur \u00e4r t.o.m. idag 1,7 grader h\u00f6gre\u00a0 j\u00e4mf\u00f6rt mot den normala.<\/em><\/strong><\/figcaption><\/figure>\n\n\n\n<p><\/p>\n","protected":false},"excerpt":{"rendered":"<p>P\u00e5 morgonen var det n\u00e4stan klar himmel. Under f\u00f6rmiddagen varierade molnigheten, men solen dominerade. P\u00e5 eftermiddagen har det klarnat upp allt mera, och nu lyser solen fr\u00e5n molnfri himmel. Ingen frost i natt, den l\u00e4gsta temperaturen blev +3,8 grader, och &hellip; <a href=\"https:\/\/jensgustafsson.se\/?p=35475\">Forts\u00e4tt l\u00e4sa <span class=\"meta-nav\">&rarr;<\/span><\/a><\/p>\n","protected":false},"author":1,"featured_media":0,"comment_status":"closed","ping_status":"","sticky":false,"template":"","format":"standard","meta":{"footnotes":""},"categories":[10],"tags":[],"class_list":["post-35475","post","type-post","status-publish","format-standard","hentry","category-vaderdagbok-2013"],"_links":{"self":[{"href":"https:\/\/jensgustafsson.se\/index.php?rest_route=\/wp\/v2\/posts\/35475","targetHints":{"allow":["GET"]}}],"collection":[{"href":"https:\/\/jensgustafsson.se\/index.php?rest_route=\/wp\/v2\/posts"}],"about":[{"href":"https:\/\/jensgustafsson.se\/index.php?rest_route=\/wp\/v2\/types\/post"}],"author":[{"embeddable":true,"href":"https:\/\/jensgustafsson.se\/index.php?rest_route=\/wp\/v2\/users\/1"}],"replies":[{"embeddable":true,"href":"https:\/\/jensgustafsson.se\/index.php?rest_route=%2Fwp%2Fv2%2Fcomments&post=35475"}],"version-history":[{"count":4,"href":"https:\/\/jensgustafsson.se\/index.php?rest_route=\/wp\/v2\/posts\/35475\/revisions"}],"predecessor-version":[{"id":35481,"href":"https:\/\/jensgustafsson.se\/index.php?rest_route=\/wp\/v2\/posts\/35475\/revisions\/35481"}],"wp:attachment":[{"href":"https:\/\/jensgustafsson.se\/index.php?rest_route=%2Fwp%2Fv2%2Fmedia&parent=35475"}],"wp:term":[{"taxonomy":"category","embeddable":true,"href":"https:\/\/jensgustafsson.se\/index.php?rest_route=%2Fwp%2Fv2%2Fcategories&post=35475"},{"taxonomy":"post_tag","embeddable":true,"href":"https:\/\/jensgustafsson.se\/index.php?rest_route=%2Fwp%2Fv2%2Ftags&post=35475"}],"curies":[{"name":"wp","href":"https:\/\/api.w.org\/{rel}","templated":true}]}}