{"id":35505,"date":"2025-04-08T16:39:22","date_gmt":"2025-04-08T15:39:22","guid":{"rendered":"https:\/\/jensgustafsson.se\/?p=35505"},"modified":"2025-04-08T16:39:22","modified_gmt":"2025-04-08T15:39:22","slug":"tisdag-8-april-2025","status":"publish","type":"post","link":"https:\/\/jensgustafsson.se\/?p=35505","title":{"rendered":"Tisdag 8 april 2025."},"content":{"rendered":"\n<p class=\"has-medium-font-size\"><em>En klar natt med minusgrader och frost. F\u00f6rmiddagen blev molnfri och solig, medan det p\u00e5 eftermiddagen blev lite v\u00e4xlande molnighet. Solen har dock haft den dominerande rollen i v\u00e4dret idag.<\/em><\/p>\n\n\n\n<p class=\"has-medium-font-size\"><em>Den l\u00e4gsta temperaturen blev -3,6 grader, och den h\u00f6gsta blev +13,1 grader.<\/em><\/p>\n\n\n\n<p class=\"has-medium-font-size\"><em>Vinden har varit svag till m\u00e5ttlig, mestadels runt nord.<\/em><\/p>\n\n\n\n<figure class=\"wp-block-image size-large\"><img loading=\"lazy\" decoding=\"async\" width=\"1024\" height=\"683\" src=\"https:\/\/media1.jensgustafsson.se\/2025\/04\/DSC_2185-1024x683.jpg\" alt=\"\" class=\"wp-image-35507\" srcset=\"https:\/\/media1.jensgustafsson.se\/2025\/04\/DSC_2185-1024x683.jpg 1024w, https:\/\/media1.jensgustafsson.se\/2025\/04\/DSC_2185-300x200.jpg 300w, https:\/\/media1.jensgustafsson.se\/2025\/04\/DSC_2185-768x512.jpg 768w, https:\/\/media1.jensgustafsson.se\/2025\/04\/DSC_2185-1536x1024.jpg 1536w, https:\/\/media1.jensgustafsson.se\/2025\/04\/DSC_2185-2048x1365.jpg 2048w, https:\/\/media1.jensgustafsson.se\/2025\/04\/DSC_2185-450x300.jpg 450w\" sizes=\"auto, (max-width: 1024px) 100vw, 1024px\" \/><figcaption class=\"wp-element-caption\"><strong><em>Innan soluppg\u00e5ngen vid Saltor idag.<\/em><\/strong><\/figcaption><\/figure>\n\n\n\n<figure class=\"wp-block-image size-large\"><img loading=\"lazy\" decoding=\"async\" width=\"1024\" height=\"643\" src=\"https:\/\/media1.jensgustafsson.se\/2025\/04\/DSC_2222-1024x643.jpg\" alt=\"\" class=\"wp-image-35508\" srcset=\"https:\/\/media1.jensgustafsson.se\/2025\/04\/DSC_2222-1024x643.jpg 1024w, https:\/\/media1.jensgustafsson.se\/2025\/04\/DSC_2222-300x188.jpg 300w, https:\/\/media1.jensgustafsson.se\/2025\/04\/DSC_2222-768x482.jpg 768w, https:\/\/media1.jensgustafsson.se\/2025\/04\/DSC_2222-1536x965.jpg 1536w, https:\/\/media1.jensgustafsson.se\/2025\/04\/DSC_2222-2048x1286.jpg 2048w, https:\/\/media1.jensgustafsson.se\/2025\/04\/DSC_2222-478x300.jpg 478w\" sizes=\"auto, (max-width: 1024px) 100vw, 1024px\" \/><figcaption class=\"wp-element-caption\"><strong><em>Backsippor vid Saltor idag.<\/em><\/strong><\/figcaption><\/figure>\n\n\n\n<p class=\"has-medium-font-size\"><em>En sammanfattning fr\u00e5n min v\u00e4derstation, f\u00f6r de senaste 24 timmarna:<\/em><\/p>\n\n\n\n<p class=\"has-medium-font-size\"><strong>20250408 kl. 18.00<br \/>Min. temp: -3,6 \u00b0C<br \/>Max. temp: 13,1 \u00b0C<br \/>Min. lufttryck: 1020,3 hPa<br \/>Max. lufttryck: 1025,3 hPa<br \/>Min.luftfuktigh. 37 %<br \/>Max.luftfuktigh. 79 %<br \/>Domin. vindriktn.: Nordlig<br \/>Maxvind: 6 m\/s.<br \/>Nederb\u00f6rd: 0 mm<br \/>Meteorologisk \u00e5rstid: V\u00e5r<br \/>Kalendarisk \u00e5rstid: V\u00e5rm\u00e5nad 2 av 3<\/strong><\/p>\n\n\n\n<figure class=\"wp-block-image size-large\"><img loading=\"lazy\" decoding=\"async\" width=\"1024\" height=\"464\" src=\"https:\/\/media1.jensgustafsson.se\/2025\/04\/image-16-1024x464.png\" alt=\"\" class=\"wp-image-35512\" srcset=\"https:\/\/media1.jensgustafsson.se\/2025\/04\/image-16-1024x464.png 1024w, https:\/\/media1.jensgustafsson.se\/2025\/04\/image-16-300x136.png 300w, https:\/\/media1.jensgustafsson.se\/2025\/04\/image-16-768x348.png 768w, https:\/\/media1.jensgustafsson.se\/2025\/04\/image-16-1536x696.png 1536w, https:\/\/media1.jensgustafsson.se\/2025\/04\/image-16-500x227.png 500w, https:\/\/media1.jensgustafsson.se\/2025\/04\/image-16.png 1843w\" sizes=\"auto, (max-width: 1024px) 100vw, 1024px\" \/><figcaption class=\"wp-element-caption\"><strong><em>M\u00e5nadens medeltemperatur \u00e4r t.o.m. idag 0,5 grader kallare\u00a0 j\u00e4mf\u00f6rt mot den normala.<\/em><\/strong><\/figcaption><\/figure>\n","protected":false},"excerpt":{"rendered":"<p>En klar natt med minusgrader och frost. F\u00f6rmiddagen blev molnfri och solig, medan det p\u00e5 eftermiddagen blev lite v\u00e4xlande molnighet. Solen har dock haft den dominerande rollen i v\u00e4dret idag. Den l\u00e4gsta temperaturen blev -3,6 grader, och den h\u00f6gsta blev &hellip; <a href=\"https:\/\/jensgustafsson.se\/?p=35505\">Forts\u00e4tt l\u00e4sa <span class=\"meta-nav\">&rarr;<\/span><\/a><\/p>\n","protected":false},"author":1,"featured_media":0,"comment_status":"closed","ping_status":"","sticky":false,"template":"","format":"standard","meta":{"footnotes":""},"categories":[10],"tags":[],"class_list":["post-35505","post","type-post","status-publish","format-standard","hentry","category-vaderdagbok-2013"],"_links":{"self":[{"href":"https:\/\/jensgustafsson.se\/index.php?rest_route=\/wp\/v2\/posts\/35505","targetHints":{"allow":["GET"]}}],"collection":[{"href":"https:\/\/jensgustafsson.se\/index.php?rest_route=\/wp\/v2\/posts"}],"about":[{"href":"https:\/\/jensgustafsson.se\/index.php?rest_route=\/wp\/v2\/types\/post"}],"author":[{"embeddable":true,"href":"https:\/\/jensgustafsson.se\/index.php?rest_route=\/wp\/v2\/users\/1"}],"replies":[{"embeddable":true,"href":"https:\/\/jensgustafsson.se\/index.php?rest_route=%2Fwp%2Fv2%2Fcomments&post=35505"}],"version-history":[{"count":6,"href":"https:\/\/jensgustafsson.se\/index.php?rest_route=\/wp\/v2\/posts\/35505\/revisions"}],"predecessor-version":[{"id":35514,"href":"https:\/\/jensgustafsson.se\/index.php?rest_route=\/wp\/v2\/posts\/35505\/revisions\/35514"}],"wp:attachment":[{"href":"https:\/\/jensgustafsson.se\/index.php?rest_route=%2Fwp%2Fv2%2Fmedia&parent=35505"}],"wp:term":[{"taxonomy":"category","embeddable":true,"href":"https:\/\/jensgustafsson.se\/index.php?rest_route=%2Fwp%2Fv2%2Fcategories&post=35505"},{"taxonomy":"post_tag","embeddable":true,"href":"https:\/\/jensgustafsson.se\/index.php?rest_route=%2Fwp%2Fv2%2Ftags&post=35505"}],"curies":[{"name":"wp","href":"https:\/\/api.w.org\/{rel}","templated":true}]}}