{"id":35515,"date":"2025-04-09T17:00:50","date_gmt":"2025-04-09T16:00:50","guid":{"rendered":"https:\/\/jensgustafsson.se\/?p=35515"},"modified":"2025-04-09T17:00:50","modified_gmt":"2025-04-09T16:00:50","slug":"onsdag-9-april-2025","status":"publish","type":"post","link":"https:\/\/jensgustafsson.se\/?p=35515","title":{"rendered":"Onsdag 9 april 2025."},"content":{"rendered":"\n<p class=\"has-medium-font-size\"><em>Under natten var det molnigt, och vi slapp minusgrader. P\u00e5 dagen har det varit v\u00e4xlande molnighet idag.<\/em><\/p>\n\n\n\n<p class=\"has-medium-font-size\"><em>Den l\u00e4gsta temperaturen blev +4,2 grader, och den h\u00f6gsta dagstemperaturen blev +12,4 grader.<\/em><\/p>\n\n\n\n<p class=\"has-medium-font-size\"><em>Vinden har varit m\u00e5ttlig till frisk, omkring nordv\u00e4st.<\/em><\/p>\n\n\n\n<figure class=\"wp-block-image size-large\"><img loading=\"lazy\" decoding=\"async\" width=\"1024\" height=\"683\" src=\"https:\/\/media1.jensgustafsson.se\/2025\/04\/DSC_2261-1024x683.jpg\" alt=\"\" class=\"wp-image-35519\" srcset=\"https:\/\/media1.jensgustafsson.se\/2025\/04\/DSC_2261-1024x683.jpg 1024w, https:\/\/media1.jensgustafsson.se\/2025\/04\/DSC_2261-300x200.jpg 300w, https:\/\/media1.jensgustafsson.se\/2025\/04\/DSC_2261-768x512.jpg 768w, https:\/\/media1.jensgustafsson.se\/2025\/04\/DSC_2261-1536x1024.jpg 1536w, https:\/\/media1.jensgustafsson.se\/2025\/04\/DSC_2261-2048x1365.jpg 2048w, https:\/\/media1.jensgustafsson.se\/2025\/04\/DSC_2261-450x300.jpg 450w\" sizes=\"auto, (max-width: 1024px) 100vw, 1024px\" \/><figcaption class=\"wp-element-caption\"><strong><em>Backsippa, foto fr\u00e5n morgonen 250408 p\u00e5 Saltor.<\/em><\/strong><\/figcaption><\/figure>\n\n\n\n<p class=\"has-medium-font-size\"><em>En sammanfattning fr\u00e5n min v\u00e4derstation, f\u00f6r de senaste 24 timmarna:<\/em><\/p>\n\n\n\n<p class=\"has-medium-font-size\"><strong>20250409 kl. 18.00<br \/>Min. temp: 4,2 \u00b0C<br \/>Max. temp: 12,4 \u00b0C<br \/>Min. lufttryck: 1012,8 hPa<br \/>Max. lufttryck: 1020,7 hPa<br \/>Min.luftfuktigh. 36 %<br \/>Max.luftfuktigh. 65 %<br \/>Domin. vindriktn.: Nordv\u00e4stlig<br \/>Maxvind: 11 m\/s.<br \/>Nederb\u00f6rd: 0 mm<br \/>Meteorologisk \u00e5rstid: V\u00e5r<br \/>Kalendarisk \u00e5rstid: V\u00e5rm\u00e5nad 2 av 3<\/strong><\/p>\n\n\n\n<figure class=\"wp-block-image size-large\"><img loading=\"lazy\" decoding=\"async\" width=\"1024\" height=\"464\" src=\"https:\/\/media1.jensgustafsson.se\/2025\/04\/image-17-1024x464.png\" alt=\"\" class=\"wp-image-35516\" srcset=\"https:\/\/media1.jensgustafsson.se\/2025\/04\/image-17-1024x464.png 1024w, https:\/\/media1.jensgustafsson.se\/2025\/04\/image-17-300x136.png 300w, https:\/\/media1.jensgustafsson.se\/2025\/04\/image-17-768x348.png 768w, https:\/\/media1.jensgustafsson.se\/2025\/04\/image-17-1536x696.png 1536w, https:\/\/media1.jensgustafsson.se\/2025\/04\/image-17-500x227.png 500w, https:\/\/media1.jensgustafsson.se\/2025\/04\/image-17.png 1843w\" sizes=\"auto, (max-width: 1024px) 100vw, 1024px\" \/><figcaption class=\"wp-element-caption\"><strong><em>M\u00e5nadens medeltemperatur \u00e4r t.o.m. idag 0,3 grader kallare&nbsp; j\u00e4mf\u00f6rt mot den normala.<\/em><\/strong><\/figcaption><\/figure>\n\n\n\n<figure class=\"wp-block-image size-large\"><img loading=\"lazy\" decoding=\"async\" width=\"1024\" height=\"524\" src=\"https:\/\/media1.jensgustafsson.se\/2025\/04\/image-18-1024x524.png\" alt=\"\" class=\"wp-image-35517\" srcset=\"https:\/\/media1.jensgustafsson.se\/2025\/04\/image-18-1024x524.png 1024w, https:\/\/media1.jensgustafsson.se\/2025\/04\/image-18-300x154.png 300w, https:\/\/media1.jensgustafsson.se\/2025\/04\/image-18-768x393.png 768w, https:\/\/media1.jensgustafsson.se\/2025\/04\/image-18-500x256.png 500w, https:\/\/media1.jensgustafsson.se\/2025\/04\/image-18.png 1485w\" sizes=\"auto, (max-width: 1024px) 100vw, 1024px\" \/><figcaption class=\"wp-element-caption\"><strong><em>M\u00e5nadens nederb\u00f6rd \u00e4r t.o.m. idag 0 % av den normala.<\/em><\/strong><\/figcaption><\/figure>\n\n\n\n<p><\/p>\n","protected":false},"excerpt":{"rendered":"<p>Under natten var det molnigt, och vi slapp minusgrader. P\u00e5 dagen har det varit v\u00e4xlande molnighet idag. Den l\u00e4gsta temperaturen blev +4,2 grader, och den h\u00f6gsta dagstemperaturen blev +12,4 grader. Vinden har varit m\u00e5ttlig till frisk, omkring nordv\u00e4st. En sammanfattning &hellip; <a href=\"https:\/\/jensgustafsson.se\/?p=35515\">Forts\u00e4tt l\u00e4sa <span class=\"meta-nav\">&rarr;<\/span><\/a><\/p>\n","protected":false},"author":1,"featured_media":0,"comment_status":"closed","ping_status":"","sticky":false,"template":"","format":"standard","meta":{"footnotes":""},"categories":[10],"tags":[],"class_list":["post-35515","post","type-post","status-publish","format-standard","hentry","category-vaderdagbok-2013"],"_links":{"self":[{"href":"https:\/\/jensgustafsson.se\/index.php?rest_route=\/wp\/v2\/posts\/35515","targetHints":{"allow":["GET"]}}],"collection":[{"href":"https:\/\/jensgustafsson.se\/index.php?rest_route=\/wp\/v2\/posts"}],"about":[{"href":"https:\/\/jensgustafsson.se\/index.php?rest_route=\/wp\/v2\/types\/post"}],"author":[{"embeddable":true,"href":"https:\/\/jensgustafsson.se\/index.php?rest_route=\/wp\/v2\/users\/1"}],"replies":[{"embeddable":true,"href":"https:\/\/jensgustafsson.se\/index.php?rest_route=%2Fwp%2Fv2%2Fcomments&post=35515"}],"version-history":[{"count":2,"href":"https:\/\/jensgustafsson.se\/index.php?rest_route=\/wp\/v2\/posts\/35515\/revisions"}],"predecessor-version":[{"id":35520,"href":"https:\/\/jensgustafsson.se\/index.php?rest_route=\/wp\/v2\/posts\/35515\/revisions\/35520"}],"wp:attachment":[{"href":"https:\/\/jensgustafsson.se\/index.php?rest_route=%2Fwp%2Fv2%2Fmedia&parent=35515"}],"wp:term":[{"taxonomy":"category","embeddable":true,"href":"https:\/\/jensgustafsson.se\/index.php?rest_route=%2Fwp%2Fv2%2Fcategories&post=35515"},{"taxonomy":"post_tag","embeddable":true,"href":"https:\/\/jensgustafsson.se\/index.php?rest_route=%2Fwp%2Fv2%2Ftags&post=35515"}],"curies":[{"name":"wp","href":"https:\/\/api.w.org\/{rel}","templated":true}]}}