{"id":35521,"date":"2025-04-10T17:11:08","date_gmt":"2025-04-10T16:11:08","guid":{"rendered":"https:\/\/jensgustafsson.se\/?p=35521"},"modified":"2025-04-10T17:11:08","modified_gmt":"2025-04-10T16:11:08","slug":"torsdag-10-april-2025","status":"publish","type":"post","link":"https:\/\/jensgustafsson.se\/?p=35521","title":{"rendered":"Torsdag 10 april 2025."},"content":{"rendered":"\n<p class=\"has-medium-font-size\"><em>Idag har vi haft en dag med v\u00e4xlande molnighet. Mestadels bara tunnare moln, som solen orkat lysa igenom.<\/em><\/p>\n\n\n\n<p class=\"has-medium-font-size\"><em>\u00c5terigen en frostnatt med en l\u00e4gsta temperatur p\u00e5 -3,9 grader. Den h\u00f6gsta dagstemperaturen blev +11,7 grader. <\/em><\/p>\n\n\n\n<p class=\"has-medium-font-size\"><em>Vinden har varit m\u00e5ttlig till frisk, ocj pendlat lite mellan v\u00e4st-nordv\u00e4st-nord och nordost. Vinden har upplevts kylig idag.<\/em><\/p>\n\n\n\n<figure class=\"wp-block-image size-large\"><img loading=\"lazy\" decoding=\"async\" width=\"1024\" height=\"683\" src=\"https:\/\/media1.jensgustafsson.se\/2025\/04\/DSC_2165-1024x683.jpg\" alt=\"\" class=\"wp-image-35525\" srcset=\"https:\/\/media1.jensgustafsson.se\/2025\/04\/DSC_2165-1024x683.jpg 1024w, https:\/\/media1.jensgustafsson.se\/2025\/04\/DSC_2165-300x200.jpg 300w, https:\/\/media1.jensgustafsson.se\/2025\/04\/DSC_2165-768x512.jpg 768w, https:\/\/media1.jensgustafsson.se\/2025\/04\/DSC_2165-1536x1024.jpg 1536w, https:\/\/media1.jensgustafsson.se\/2025\/04\/DSC_2165-2048x1365.jpg 2048w, https:\/\/media1.jensgustafsson.se\/2025\/04\/DSC_2165-450x300.jpg 450w\" sizes=\"auto, (max-width: 1024px) 100vw, 1024px\" \/><\/figure>\n\n\n\n<p class=\"has-medium-font-size\"><em>En sammanfattning fr\u00e5n min v\u00e4derstation, f\u00f6r de senaste 24 timmarna:<\/em><\/p>\n\n\n\n<p class=\"has-medium-font-size\"><strong>20250410 kl. 18.00<br \/>Min. temp: -3,9<br \/>Max. temp: 11,7 \u00b0C<br \/>Min. lufttryck: 1009,2 hPa<br \/>Max. lufttryck: 1019,4 hPa<br \/>Min.luftfuktigh. 39 %<br \/>Max.luftfuktigh. 75 %<br \/>Domin. vindriktn.: V\u00e4stlig<br \/>Maxvind: 9 m\/s.<br \/>Nederb\u00f6rd: 0 mm<br \/>Meteorologisk \u00e5rstid: V\u00e5r<br \/>Kalendarisk \u00e5rstid: V\u00e5rm\u00e5nad 2 av 3<\/strong><\/p>\n\n\n\n<figure class=\"wp-block-image size-large\"><img loading=\"lazy\" decoding=\"async\" width=\"1024\" height=\"464\" src=\"https:\/\/media1.jensgustafsson.se\/2025\/04\/image-21-1024x464.png\" alt=\"\" class=\"wp-image-35527\" srcset=\"https:\/\/media1.jensgustafsson.se\/2025\/04\/image-21-1024x464.png 1024w, https:\/\/media1.jensgustafsson.se\/2025\/04\/image-21-300x136.png 300w, https:\/\/media1.jensgustafsson.se\/2025\/04\/image-21-768x348.png 768w, https:\/\/media1.jensgustafsson.se\/2025\/04\/image-21-1536x696.png 1536w, https:\/\/media1.jensgustafsson.se\/2025\/04\/image-21-500x227.png 500w, https:\/\/media1.jensgustafsson.se\/2025\/04\/image-21.png 1843w\" sizes=\"auto, (max-width: 1024px) 100vw, 1024px\" \/><figcaption class=\"wp-element-caption\"><strong><em>M\u00e5nadens medeltemperatur \u00e4r t.o.m. idag 0,5 grader kallare\u00a0 j\u00e4mf\u00f6rt mot den normala.<\/em><\/strong><\/figcaption><\/figure>\n\n\n\n<figure class=\"wp-block-image size-large\"><img loading=\"lazy\" decoding=\"async\" width=\"1024\" height=\"524\" src=\"https:\/\/media1.jensgustafsson.se\/2025\/04\/image-20-1024x524.png\" alt=\"\" class=\"wp-image-35523\" srcset=\"https:\/\/media1.jensgustafsson.se\/2025\/04\/image-20-1024x524.png 1024w, https:\/\/media1.jensgustafsson.se\/2025\/04\/image-20-300x154.png 300w, https:\/\/media1.jensgustafsson.se\/2025\/04\/image-20-768x393.png 768w, https:\/\/media1.jensgustafsson.se\/2025\/04\/image-20-500x256.png 500w, https:\/\/media1.jensgustafsson.se\/2025\/04\/image-20.png 1485w\" sizes=\"auto, (max-width: 1024px) 100vw, 1024px\" \/><figcaption class=\"wp-element-caption\"><strong><em>M\u00e5nadens nederb\u00f6rd \u00e4r t.o.m. idag 0 % av den normala.<\/em><\/strong><\/figcaption><\/figure>\n","protected":false},"excerpt":{"rendered":"<p>Idag har vi haft en dag med v\u00e4xlande molnighet. Mestadels bara tunnare moln, som solen orkat lysa igenom. \u00c5terigen en frostnatt med en l\u00e4gsta temperatur p\u00e5 -3,9 grader. Den h\u00f6gsta dagstemperaturen blev +11,7 grader. Vinden har varit m\u00e5ttlig till frisk, &hellip; <a href=\"https:\/\/jensgustafsson.se\/?p=35521\">Forts\u00e4tt l\u00e4sa <span class=\"meta-nav\">&rarr;<\/span><\/a><\/p>\n","protected":false},"author":1,"featured_media":0,"comment_status":"closed","ping_status":"","sticky":false,"template":"","format":"standard","meta":{"footnotes":""},"categories":[10],"tags":[],"class_list":["post-35521","post","type-post","status-publish","format-standard","hentry","category-vaderdagbok-2013"],"_links":{"self":[{"href":"https:\/\/jensgustafsson.se\/index.php?rest_route=\/wp\/v2\/posts\/35521","targetHints":{"allow":["GET"]}}],"collection":[{"href":"https:\/\/jensgustafsson.se\/index.php?rest_route=\/wp\/v2\/posts"}],"about":[{"href":"https:\/\/jensgustafsson.se\/index.php?rest_route=\/wp\/v2\/types\/post"}],"author":[{"embeddable":true,"href":"https:\/\/jensgustafsson.se\/index.php?rest_route=\/wp\/v2\/users\/1"}],"replies":[{"embeddable":true,"href":"https:\/\/jensgustafsson.se\/index.php?rest_route=%2Fwp%2Fv2%2Fcomments&post=35521"}],"version-history":[{"count":3,"href":"https:\/\/jensgustafsson.se\/index.php?rest_route=\/wp\/v2\/posts\/35521\/revisions"}],"predecessor-version":[{"id":35528,"href":"https:\/\/jensgustafsson.se\/index.php?rest_route=\/wp\/v2\/posts\/35521\/revisions\/35528"}],"wp:attachment":[{"href":"https:\/\/jensgustafsson.se\/index.php?rest_route=%2Fwp%2Fv2%2Fmedia&parent=35521"}],"wp:term":[{"taxonomy":"category","embeddable":true,"href":"https:\/\/jensgustafsson.se\/index.php?rest_route=%2Fwp%2Fv2%2Fcategories&post=35521"},{"taxonomy":"post_tag","embeddable":true,"href":"https:\/\/jensgustafsson.se\/index.php?rest_route=%2Fwp%2Fv2%2Ftags&post=35521"}],"curies":[{"name":"wp","href":"https:\/\/api.w.org\/{rel}","templated":true}]}}