{"id":35529,"date":"2025-04-11T17:54:31","date_gmt":"2025-04-11T16:54:31","guid":{"rendered":"https:\/\/jensgustafsson.se\/?p=35529"},"modified":"2025-04-11T17:54:31","modified_gmt":"2025-04-11T16:54:31","slug":"fredag-11-april-2025","status":"publish","type":"post","link":"https:\/\/jensgustafsson.se\/?p=35529","title":{"rendered":"Fredag 11 april 2025."},"content":{"rendered":"\n<p class=\"has-medium-font-size\"><em>Vid 22-tiden ig\u00e5r kv\u00e4ll fick vi en regnskur. En millimeter kom det, och det \u00e4r det f\u00f6rsta regnst\u00e4nken denna m\u00e5nad. Idag har det sedan varit v\u00e4xlande molnighet, och en hel del sol. <\/em><\/p>\n\n\n\n<p class=\"has-medium-font-size\"><em>Behagligare v\u00e4der idag med en minimumtemperatur p\u00e5 +5 grader, och en maxtemperatur p\u00e5 +16,3 grader. S\u00e5 det blev en dag d\u00e4r medeltemperaturen indikerar sommartemperatur.<\/em><\/p>\n\n\n\n<p class=\"has-medium-font-size\"><em>Vinden har varit m\u00e5ttlig, och vindriktningen har varit v\u00e4stlig, till nordv\u00e4stlig. I kv\u00e4ll har den vridit till sydost.<\/em><\/p>\n\n\n\n<figure class=\"wp-block-image size-large\"><img loading=\"lazy\" decoding=\"async\" width=\"1024\" height=\"647\" src=\"https:\/\/media1.jensgustafsson.se\/2025\/04\/DSC_2108-1024x647.jpg\" alt=\"\" class=\"wp-image-35533\" srcset=\"https:\/\/media1.jensgustafsson.se\/2025\/04\/DSC_2108-1024x647.jpg 1024w, https:\/\/media1.jensgustafsson.se\/2025\/04\/DSC_2108-300x190.jpg 300w, https:\/\/media1.jensgustafsson.se\/2025\/04\/DSC_2108-768x485.jpg 768w, https:\/\/media1.jensgustafsson.se\/2025\/04\/DSC_2108-1536x970.jpg 1536w, https:\/\/media1.jensgustafsson.se\/2025\/04\/DSC_2108-2048x1294.jpg 2048w, https:\/\/media1.jensgustafsson.se\/2025\/04\/DSC_2108-475x300.jpg 475w\" sizes=\"auto, (max-width: 1024px) 100vw, 1024px\" \/><figcaption class=\"wp-element-caption\"><strong><em>En n\u00f6jd Casper.<\/em><\/strong><\/figcaption><\/figure>\n\n\n\n<p class=\"has-medium-font-size\"><em>En sammanfattning fr\u00e5n min v\u00e4derstation, f\u00f6r de senaste 24 timmarna:<\/em><\/p>\n\n\n\n<p class=\"has-medium-font-size\"><strong>20250411 kl. 18.30<br \/>Min. temp: 5 \u00b0C<br \/>Max. temp: 16,3 \u00b0C<br \/>Min. lufttryck: 1001,2 hPa<br \/>Max. lufttryck: 1009,3 hPa<br \/>Min.luftfuktigh. 39 %<br \/>Max.luftfuktigh. 77 %<br \/>Domin. vindriktn.: V\u00e4stlig<br \/>Maxvind: 7 m\/s.<br \/>Nederb\u00f6rd: 1 mm<br \/>Meteorologisk \u00e5rstid: V\u00e5r<br \/>Kalendarisk \u00e5rstid: V\u00e5rm\u00e5nad 2 av 3<\/strong><\/p>\n\n\n\n<figure class=\"wp-block-image size-large\"><img loading=\"lazy\" decoding=\"async\" width=\"1024\" height=\"464\" src=\"https:\/\/media1.jensgustafsson.se\/2025\/04\/image-22-1024x464.png\" alt=\"\" class=\"wp-image-35530\" srcset=\"https:\/\/media1.jensgustafsson.se\/2025\/04\/image-22-1024x464.png 1024w, https:\/\/media1.jensgustafsson.se\/2025\/04\/image-22-300x136.png 300w, https:\/\/media1.jensgustafsson.se\/2025\/04\/image-22-768x348.png 768w, https:\/\/media1.jensgustafsson.se\/2025\/04\/image-22-1536x696.png 1536w, https:\/\/media1.jensgustafsson.se\/2025\/04\/image-22-500x227.png 500w, https:\/\/media1.jensgustafsson.se\/2025\/04\/image-22.png 1843w\" sizes=\"auto, (max-width: 1024px) 100vw, 1024px\" \/><figcaption class=\"wp-element-caption\"><strong><em>M\u00e5nadens medeltemperatur \u00e4r t.o.m. idag 0,1 grader kallare&nbsp; j\u00e4mf\u00f6rt mot den normala.<\/em><\/strong><\/figcaption><\/figure>\n\n\n\n<figure class=\"wp-block-image size-large\"><img loading=\"lazy\" decoding=\"async\" width=\"1024\" height=\"524\" src=\"https:\/\/media1.jensgustafsson.se\/2025\/04\/image-23-1024x524.png\" alt=\"\" class=\"wp-image-35531\" srcset=\"https:\/\/media1.jensgustafsson.se\/2025\/04\/image-23-1024x524.png 1024w, https:\/\/media1.jensgustafsson.se\/2025\/04\/image-23-300x154.png 300w, https:\/\/media1.jensgustafsson.se\/2025\/04\/image-23-768x393.png 768w, https:\/\/media1.jensgustafsson.se\/2025\/04\/image-23-500x256.png 500w, https:\/\/media1.jensgustafsson.se\/2025\/04\/image-23.png 1485w\" sizes=\"auto, (max-width: 1024px) 100vw, 1024px\" \/><figcaption class=\"wp-element-caption\"><strong><em>M\u00e5nadens nederb\u00f6rd \u00e4r t.o.m. idag 4 % av den normala.<\/em><\/strong><\/figcaption><\/figure>\n","protected":false},"excerpt":{"rendered":"<p>Vid 22-tiden ig\u00e5r kv\u00e4ll fick vi en regnskur. En millimeter kom det, och det \u00e4r det f\u00f6rsta regnst\u00e4nken denna m\u00e5nad. Idag har det sedan varit v\u00e4xlande molnighet, och en hel del sol. Behagligare v\u00e4der idag med en minimumtemperatur p\u00e5 +5 &hellip; <a href=\"https:\/\/jensgustafsson.se\/?p=35529\">Forts\u00e4tt l\u00e4sa <span class=\"meta-nav\">&rarr;<\/span><\/a><\/p>\n","protected":false},"author":1,"featured_media":0,"comment_status":"closed","ping_status":"","sticky":false,"template":"","format":"standard","meta":{"footnotes":""},"categories":[10],"tags":[],"class_list":["post-35529","post","type-post","status-publish","format-standard","hentry","category-vaderdagbok-2013"],"_links":{"self":[{"href":"https:\/\/jensgustafsson.se\/index.php?rest_route=\/wp\/v2\/posts\/35529","targetHints":{"allow":["GET"]}}],"collection":[{"href":"https:\/\/jensgustafsson.se\/index.php?rest_route=\/wp\/v2\/posts"}],"about":[{"href":"https:\/\/jensgustafsson.se\/index.php?rest_route=\/wp\/v2\/types\/post"}],"author":[{"embeddable":true,"href":"https:\/\/jensgustafsson.se\/index.php?rest_route=\/wp\/v2\/users\/1"}],"replies":[{"embeddable":true,"href":"https:\/\/jensgustafsson.se\/index.php?rest_route=%2Fwp%2Fv2%2Fcomments&post=35529"}],"version-history":[{"count":2,"href":"https:\/\/jensgustafsson.se\/index.php?rest_route=\/wp\/v2\/posts\/35529\/revisions"}],"predecessor-version":[{"id":35534,"href":"https:\/\/jensgustafsson.se\/index.php?rest_route=\/wp\/v2\/posts\/35529\/revisions\/35534"}],"wp:attachment":[{"href":"https:\/\/jensgustafsson.se\/index.php?rest_route=%2Fwp%2Fv2%2Fmedia&parent=35529"}],"wp:term":[{"taxonomy":"category","embeddable":true,"href":"https:\/\/jensgustafsson.se\/index.php?rest_route=%2Fwp%2Fv2%2Fcategories&post=35529"},{"taxonomy":"post_tag","embeddable":true,"href":"https:\/\/jensgustafsson.se\/index.php?rest_route=%2Fwp%2Fv2%2Ftags&post=35529"}],"curies":[{"name":"wp","href":"https:\/\/api.w.org\/{rel}","templated":true}]}}