{"id":35536,"date":"2025-04-12T16:49:16","date_gmt":"2025-04-12T15:49:16","guid":{"rendered":"https:\/\/jensgustafsson.se\/?p=35536"},"modified":"2025-04-12T16:49:16","modified_gmt":"2025-04-12T15:49:16","slug":"lordag-12-april-2025","status":"publish","type":"post","link":"https:\/\/jensgustafsson.se\/?p=35536","title":{"rendered":"L\u00f6rdag 12 april 2025."},"content":{"rendered":"\n<p class=\"has-medium-font-size\"><em>Halvklart v\u00e4der p\u00e5 morgonen och markfrost. Under f\u00f6rmiddagen var det \u00f6verv\u00e4gande molnigt. P\u00e5 eftermiddagen klarnade det upp, och solen v\u00e4rmde p\u00e5 ganska bra.<\/em><\/p>\n\n\n\n<p class=\"has-medium-font-size\"><em>Den l\u00e4gsta temperaturen blev +1,8 grader, och den h\u00f6gsta blev +18,1 grader.<\/em><\/p>\n\n\n\n<p class=\"has-medium-font-size\"><em>Vinden har varit m\u00e5ttlig till frisk, omkring sydv\u00e4st.<\/em><\/p>\n\n\n\n<figure class=\"wp-block-image size-large\"><img loading=\"lazy\" decoding=\"async\" width=\"1024\" height=\"683\" src=\"https:\/\/media1.jensgustafsson.se\/2025\/04\/DSC_2341-1024x683.jpg\" alt=\"\" class=\"wp-image-35542\" srcset=\"https:\/\/media1.jensgustafsson.se\/2025\/04\/DSC_2341-1024x683.jpg 1024w, https:\/\/media1.jensgustafsson.se\/2025\/04\/DSC_2341-300x200.jpg 300w, https:\/\/media1.jensgustafsson.se\/2025\/04\/DSC_2341-768x512.jpg 768w, https:\/\/media1.jensgustafsson.se\/2025\/04\/DSC_2341-1536x1024.jpg 1536w, https:\/\/media1.jensgustafsson.se\/2025\/04\/DSC_2341-2048x1365.jpg 2048w, https:\/\/media1.jensgustafsson.se\/2025\/04\/DSC_2341-450x300.jpg 450w\" sizes=\"auto, (max-width: 1024px) 100vw, 1024px\" \/><figcaption class=\"wp-element-caption\"><strong><em>Dagens backsippa.<\/em><\/strong><\/figcaption><\/figure>\n\n\n\n<p class=\"has-medium-font-size\"><em>En sammanfattning fr\u00e5n min v\u00e4derstation, f\u00f6r de senaste 24 timmarna:<\/em><\/p>\n\n\n\n<p class=\"has-medium-font-size\"><strong>20250412 kl. 18.00<br \/>Min. temp: 1,8 \u00b0C<br \/>Max. temp: 18,1 \u00b0C<br \/>Min. lufttryck: 1004,8 hPa<br \/>Max. lufttryck: 1007,5 hPa<br \/>Min.luftfuktigh. 50 %<br \/>Max.luftfuktigh. 85 %<br \/>Domin. vindriktn.: Sydv\u00e4stlig<br \/>Maxvind: 8 m\/s.<br \/>Nederb\u00f6rd: 0 mm<br \/>Meteorologisk \u00e5rstid: V\u00e5r<br \/>Kalendarisk \u00e5rstid: V\u00e5rm\u00e5nad 2 av 3<\/strong><\/p>\n\n\n\n<figure class=\"wp-block-image size-large\"><img loading=\"lazy\" decoding=\"async\" width=\"1024\" height=\"464\" src=\"https:\/\/media1.jensgustafsson.se\/2025\/04\/image-24-1024x464.png\" alt=\"\" class=\"wp-image-35538\" srcset=\"https:\/\/media1.jensgustafsson.se\/2025\/04\/image-24-1024x464.png 1024w, https:\/\/media1.jensgustafsson.se\/2025\/04\/image-24-300x136.png 300w, https:\/\/media1.jensgustafsson.se\/2025\/04\/image-24-768x348.png 768w, https:\/\/media1.jensgustafsson.se\/2025\/04\/image-24-1536x696.png 1536w, https:\/\/media1.jensgustafsson.se\/2025\/04\/image-24-500x227.png 500w, https:\/\/media1.jensgustafsson.se\/2025\/04\/image-24.png 1843w\" sizes=\"auto, (max-width: 1024px) 100vw, 1024px\" \/><figcaption class=\"wp-element-caption\"><strong><em>M\u00e5nadens medeltemperatur \u00e4r t.o.m. idag 0,2 grader varmare&nbsp; j\u00e4mf\u00f6rt mot den normala.<\/em><\/strong><\/figcaption><\/figure>\n\n\n\n<figure class=\"wp-block-image size-large\"><img loading=\"lazy\" decoding=\"async\" width=\"1024\" height=\"524\" src=\"https:\/\/media1.jensgustafsson.se\/2025\/04\/image-25-1024x524.png\" alt=\"\" class=\"wp-image-35539\" srcset=\"https:\/\/media1.jensgustafsson.se\/2025\/04\/image-25-1024x524.png 1024w, https:\/\/media1.jensgustafsson.se\/2025\/04\/image-25-300x154.png 300w, https:\/\/media1.jensgustafsson.se\/2025\/04\/image-25-768x393.png 768w, https:\/\/media1.jensgustafsson.se\/2025\/04\/image-25-500x256.png 500w, https:\/\/media1.jensgustafsson.se\/2025\/04\/image-25.png 1485w\" sizes=\"auto, (max-width: 1024px) 100vw, 1024px\" \/><figcaption class=\"wp-element-caption\"><strong><em>M\u00e5nadens nederb\u00f6rd \u00e4r t.o.m. idag 4 % av den normala.<\/em><\/strong><\/figcaption><\/figure>\n","protected":false},"excerpt":{"rendered":"<p>Halvklart v\u00e4der p\u00e5 morgonen och markfrost. Under f\u00f6rmiddagen var det \u00f6verv\u00e4gande molnigt. P\u00e5 eftermiddagen klarnade det upp, och solen v\u00e4rmde p\u00e5 ganska bra. Den l\u00e4gsta temperaturen blev +1,8 grader, och den h\u00f6gsta blev +18,1 grader. Vinden har varit m\u00e5ttlig till &hellip; <a href=\"https:\/\/jensgustafsson.se\/?p=35536\">Forts\u00e4tt l\u00e4sa <span class=\"meta-nav\">&rarr;<\/span><\/a><\/p>\n","protected":false},"author":1,"featured_media":0,"comment_status":"closed","ping_status":"","sticky":false,"template":"","format":"standard","meta":{"footnotes":""},"categories":[10],"tags":[],"class_list":["post-35536","post","type-post","status-publish","format-standard","hentry","category-vaderdagbok-2013"],"_links":{"self":[{"href":"https:\/\/jensgustafsson.se\/index.php?rest_route=\/wp\/v2\/posts\/35536","targetHints":{"allow":["GET"]}}],"collection":[{"href":"https:\/\/jensgustafsson.se\/index.php?rest_route=\/wp\/v2\/posts"}],"about":[{"href":"https:\/\/jensgustafsson.se\/index.php?rest_route=\/wp\/v2\/types\/post"}],"author":[{"embeddable":true,"href":"https:\/\/jensgustafsson.se\/index.php?rest_route=\/wp\/v2\/users\/1"}],"replies":[{"embeddable":true,"href":"https:\/\/jensgustafsson.se\/index.php?rest_route=%2Fwp%2Fv2%2Fcomments&post=35536"}],"version-history":[{"count":6,"href":"https:\/\/jensgustafsson.se\/index.php?rest_route=\/wp\/v2\/posts\/35536\/revisions"}],"predecessor-version":[{"id":35545,"href":"https:\/\/jensgustafsson.se\/index.php?rest_route=\/wp\/v2\/posts\/35536\/revisions\/35545"}],"wp:attachment":[{"href":"https:\/\/jensgustafsson.se\/index.php?rest_route=%2Fwp%2Fv2%2Fmedia&parent=35536"}],"wp:term":[{"taxonomy":"category","embeddable":true,"href":"https:\/\/jensgustafsson.se\/index.php?rest_route=%2Fwp%2Fv2%2Fcategories&post=35536"},{"taxonomy":"post_tag","embeddable":true,"href":"https:\/\/jensgustafsson.se\/index.php?rest_route=%2Fwp%2Fv2%2Ftags&post=35536"}],"curies":[{"name":"wp","href":"https:\/\/api.w.org\/{rel}","templated":true}]}}