{"id":35546,"date":"2025-04-13T16:52:09","date_gmt":"2025-04-13T15:52:09","guid":{"rendered":"https:\/\/jensgustafsson.se\/?p=35546"},"modified":"2025-04-13T16:52:09","modified_gmt":"2025-04-13T15:52:09","slug":"sondag-13-april-2025","status":"publish","type":"post","link":"https:\/\/jensgustafsson.se\/?p=35546","title":{"rendered":"S\u00f6ndag 13 april 2025."},"content":{"rendered":"\n<p class=\"has-medium-font-size\"><em>En klar och kylig natt med markfrost p\u00e5 morgonen. Dagen har bjudit oss p\u00e5 mycket sol, med bara lite enstaka moln av och till.<\/em><\/p>\n\n\n\n<p class=\"has-medium-font-size\"><em>Den l\u00e4gsta temperaturen blev +0,6 grader, och den h\u00f6gsta blev +16,4 grader.<\/em><\/p>\n\n\n\n<p class=\"has-medium-font-size\"><em>Vinden har varit m\u00e5ttlig omkring sydost.<\/em><\/p>\n\n\n\n<figure class=\"wp-block-image size-large\"><img loading=\"lazy\" decoding=\"async\" width=\"1024\" height=\"729\" src=\"https:\/\/media1.jensgustafsson.se\/2025\/04\/13-april-2025-1024x729.jpg\" alt=\"\" class=\"wp-image-35547\" srcset=\"https:\/\/media1.jensgustafsson.se\/2025\/04\/13-april-2025-1024x729.jpg 1024w, https:\/\/media1.jensgustafsson.se\/2025\/04\/13-april-2025-300x214.jpg 300w, https:\/\/media1.jensgustafsson.se\/2025\/04\/13-april-2025-768x547.jpg 768w, https:\/\/media1.jensgustafsson.se\/2025\/04\/13-april-2025-1536x1094.jpg 1536w, https:\/\/media1.jensgustafsson.se\/2025\/04\/13-april-2025-421x300.jpg 421w, https:\/\/media1.jensgustafsson.se\/2025\/04\/13-april-2025.jpg 1826w\" sizes=\"auto, (max-width: 1024px) 100vw, 1024px\" \/><figcaption class=\"wp-element-caption\"><strong><em>\u00d6vrasj\u00f6badet p\u00e5 morgonen idag.<\/em><\/strong><\/figcaption><\/figure>\n\n\n\n<p class=\"has-medium-font-size\"><em>En sammanfattning fr\u00e5n min v\u00e4derstation, f\u00f6r de senaste 24 timmarna:<\/em><\/p>\n\n\n\n<p class=\"has-medium-font-size\"><strong>20250413 kl. 18.00<br \/>Min. temp: 0,6 \u00b0C<br \/>Max. temp: 16,4 \u00b0C<br \/>Min. lufttryck: 1000,7 hPa<br \/>Max. lufttryck: 1006,5 hPa<br \/>Min.luftfuktigh. 51 %<br \/>Max.luftfuktigh. 81 %<br \/>Domin. vindriktn.: Sydostlig<br \/>Maxvind: 7 m\/s.<br \/>Nederb\u00f6rd: 0 mm<br \/>Meteorologisk \u00e5rstid: V\u00e5r<br \/>Kalendarisk \u00e5rstid: V\u00e5rm\u00e5nad 2 av 3<\/strong><\/p>\n\n\n\n<figure class=\"wp-block-image size-large\"><img loading=\"lazy\" decoding=\"async\" width=\"1024\" height=\"464\" src=\"https:\/\/media1.jensgustafsson.se\/2025\/04\/image-26-1024x464.png\" alt=\"\" class=\"wp-image-35551\" srcset=\"https:\/\/media1.jensgustafsson.se\/2025\/04\/image-26-1024x464.png 1024w, https:\/\/media1.jensgustafsson.se\/2025\/04\/image-26-300x136.png 300w, https:\/\/media1.jensgustafsson.se\/2025\/04\/image-26-768x348.png 768w, https:\/\/media1.jensgustafsson.se\/2025\/04\/image-26-1536x696.png 1536w, https:\/\/media1.jensgustafsson.se\/2025\/04\/image-26-500x227.png 500w, https:\/\/media1.jensgustafsson.se\/2025\/04\/image-26.png 1843w\" sizes=\"auto, (max-width: 1024px) 100vw, 1024px\" \/><figcaption class=\"wp-element-caption\"><strong><em>M\u00e5nadens medeltemperatur \u00e4r t.o.m. idag 0,4 grader varmare&nbsp; j\u00e4mf\u00f6rt mot den normala.<\/em><\/strong><\/figcaption><\/figure>\n\n\n\n<figure class=\"wp-block-image size-large\"><img loading=\"lazy\" decoding=\"async\" width=\"1024\" height=\"524\" src=\"https:\/\/media1.jensgustafsson.se\/2025\/04\/image-27-1024x524.png\" alt=\"\" class=\"wp-image-35552\" srcset=\"https:\/\/media1.jensgustafsson.se\/2025\/04\/image-27-1024x524.png 1024w, https:\/\/media1.jensgustafsson.se\/2025\/04\/image-27-300x154.png 300w, https:\/\/media1.jensgustafsson.se\/2025\/04\/image-27-768x393.png 768w, https:\/\/media1.jensgustafsson.se\/2025\/04\/image-27-500x256.png 500w, https:\/\/media1.jensgustafsson.se\/2025\/04\/image-27.png 1485w\" sizes=\"auto, (max-width: 1024px) 100vw, 1024px\" \/><figcaption class=\"wp-element-caption\"><strong><em>M\u00e5nadens nederb\u00f6rd \u00e4r t.o.m. idag 4 % av den normala.<\/em><\/strong><\/figcaption><\/figure>\n\n\n\n<p><\/p>\n","protected":false},"excerpt":{"rendered":"<p>En klar och kylig natt med markfrost p\u00e5 morgonen. Dagen har bjudit oss p\u00e5 mycket sol, med bara lite enstaka moln av och till. Den l\u00e4gsta temperaturen blev +0,6 grader, och den h\u00f6gsta blev +16,4 grader. Vinden har varit m\u00e5ttlig &hellip; <a href=\"https:\/\/jensgustafsson.se\/?p=35546\">Forts\u00e4tt l\u00e4sa <span class=\"meta-nav\">&rarr;<\/span><\/a><\/p>\n","protected":false},"author":1,"featured_media":0,"comment_status":"closed","ping_status":"","sticky":false,"template":"","format":"standard","meta":{"footnotes":""},"categories":[10],"tags":[],"class_list":["post-35546","post","type-post","status-publish","format-standard","hentry","category-vaderdagbok-2013"],"_links":{"self":[{"href":"https:\/\/jensgustafsson.se\/index.php?rest_route=\/wp\/v2\/posts\/35546","targetHints":{"allow":["GET"]}}],"collection":[{"href":"https:\/\/jensgustafsson.se\/index.php?rest_route=\/wp\/v2\/posts"}],"about":[{"href":"https:\/\/jensgustafsson.se\/index.php?rest_route=\/wp\/v2\/types\/post"}],"author":[{"embeddable":true,"href":"https:\/\/jensgustafsson.se\/index.php?rest_route=\/wp\/v2\/users\/1"}],"replies":[{"embeddable":true,"href":"https:\/\/jensgustafsson.se\/index.php?rest_route=%2Fwp%2Fv2%2Fcomments&post=35546"}],"version-history":[{"count":4,"href":"https:\/\/jensgustafsson.se\/index.php?rest_route=\/wp\/v2\/posts\/35546\/revisions"}],"predecessor-version":[{"id":35554,"href":"https:\/\/jensgustafsson.se\/index.php?rest_route=\/wp\/v2\/posts\/35546\/revisions\/35554"}],"wp:attachment":[{"href":"https:\/\/jensgustafsson.se\/index.php?rest_route=%2Fwp%2Fv2%2Fmedia&parent=35546"}],"wp:term":[{"taxonomy":"category","embeddable":true,"href":"https:\/\/jensgustafsson.se\/index.php?rest_route=%2Fwp%2Fv2%2Fcategories&post=35546"},{"taxonomy":"post_tag","embeddable":true,"href":"https:\/\/jensgustafsson.se\/index.php?rest_route=%2Fwp%2Fv2%2Ftags&post=35546"}],"curies":[{"name":"wp","href":"https:\/\/api.w.org\/{rel}","templated":true}]}}