{"id":35555,"date":"2025-04-14T16:37:13","date_gmt":"2025-04-14T15:37:13","guid":{"rendered":"https:\/\/jensgustafsson.se\/?p=35555"},"modified":"2025-04-14T16:37:13","modified_gmt":"2025-04-14T15:37:13","slug":"mandag-14-april-2025","status":"publish","type":"post","link":"https:\/\/jensgustafsson.se\/?p=35555","title":{"rendered":"M\u00e5ndag 14 april 2025."},"content":{"rendered":"\n<p class=\"has-medium-font-size\"><em>En dag med lite varierande molnighet. Mestadels har solen dominerat, om \u00e4n med lite tunna molnsl\u00f6jor.<\/em><\/p>\n\n\n\n<p class=\"has-medium-font-size\"><em>Ett milt dygn med en min<\/em>-temperatur p\u00e5 +6,7 grader, och den h\u00f6gsta temperaturen idag blev +17,3 grader,<\/p>\n\n\n\n<p class=\"has-medium-font-size\"><em>En m\u00e5ttlig till frisk, sydv\u00e4stlig vind idag.<\/em><\/p>\n\n\n\n<figure class=\"wp-block-image size-large\"><img loading=\"lazy\" decoding=\"async\" width=\"1024\" height=\"682\" src=\"https:\/\/media1.jensgustafsson.se\/2025\/04\/DSC_2381-1024x682.jpg\" alt=\"\" class=\"wp-image-35556\" srcset=\"https:\/\/media1.jensgustafsson.se\/2025\/04\/DSC_2381-1024x682.jpg 1024w, https:\/\/media1.jensgustafsson.se\/2025\/04\/DSC_2381-300x200.jpg 300w, https:\/\/media1.jensgustafsson.se\/2025\/04\/DSC_2381-768x512.jpg 768w, https:\/\/media1.jensgustafsson.se\/2025\/04\/DSC_2381-1536x1024.jpg 1536w, https:\/\/media1.jensgustafsson.se\/2025\/04\/DSC_2381-2048x1365.jpg 2048w, https:\/\/media1.jensgustafsson.se\/2025\/04\/DSC_2381-450x300.jpg 450w\" sizes=\"auto, (max-width: 1024px) 100vw, 1024px\" \/><figcaption class=\"wp-element-caption\"><strong><em>Vecklevad p\u00e5 morgonen idag.<\/em><\/strong><\/figcaption><\/figure>\n\n\n\n<p class=\"has-medium-font-size\"><em>En sammanfattning fr\u00e5n min v\u00e4derstation, f\u00f6r de senaste 24 timmarna:<\/em><\/p>\n\n\n\n<p class=\"has-medium-font-size\"><strong>20250414 kl. 18.00<br \/>Min. temp: 6,7 \u00b0C<br \/>Max. temp: 17,3 \u00b0C<br \/>Min. lufttryck: 998,8 hPa<br \/>Max. lufttryck: 1006 hPa<br \/>Min.luftfuktigh. 45 %<br \/>Max.luftfuktigh. 83 %<br \/>Domin. vindriktn.: Sydv\u00e4stlig<br \/>Maxvind: 8 m\/s.<br \/>Nederb\u00f6rd: 0<br \/>Meteorologisk \u00e5rstid: V\u00e5r<br \/>Kalendarisk \u00e5rstid: V\u00e5rm\u00e5nad 2 av 3<\/strong><\/p>\n\n\n\n<figure class=\"wp-block-image size-large\"><img loading=\"lazy\" decoding=\"async\" width=\"1024\" height=\"464\" src=\"https:\/\/media1.jensgustafsson.se\/2025\/04\/image-28-1024x464.png\" alt=\"\" class=\"wp-image-35558\" srcset=\"https:\/\/media1.jensgustafsson.se\/2025\/04\/image-28-1024x464.png 1024w, https:\/\/media1.jensgustafsson.se\/2025\/04\/image-28-300x136.png 300w, https:\/\/media1.jensgustafsson.se\/2025\/04\/image-28-768x348.png 768w, https:\/\/media1.jensgustafsson.se\/2025\/04\/image-28-1536x696.png 1536w, https:\/\/media1.jensgustafsson.se\/2025\/04\/image-28-500x227.png 500w, https:\/\/media1.jensgustafsson.se\/2025\/04\/image-28.png 1843w\" sizes=\"auto, (max-width: 1024px) 100vw, 1024px\" \/><figcaption class=\"wp-element-caption\"><strong><em>M\u00e5nadens medeltemperatur \u00e4r t.o.m. idag 0,8 grader varmare\u00a0 j\u00e4mf\u00f6rt mot den normala.<\/em><\/strong><\/figcaption><\/figure>\n\n\n\n<figure class=\"wp-block-image size-large\"><img loading=\"lazy\" decoding=\"async\" width=\"1024\" height=\"524\" src=\"https:\/\/media1.jensgustafsson.se\/2025\/04\/image-29-1024x524.png\" alt=\"\" class=\"wp-image-35559\" srcset=\"https:\/\/media1.jensgustafsson.se\/2025\/04\/image-29-1024x524.png 1024w, https:\/\/media1.jensgustafsson.se\/2025\/04\/image-29-300x154.png 300w, https:\/\/media1.jensgustafsson.se\/2025\/04\/image-29-768x393.png 768w, https:\/\/media1.jensgustafsson.se\/2025\/04\/image-29-500x256.png 500w, https:\/\/media1.jensgustafsson.se\/2025\/04\/image-29.png 1485w\" sizes=\"auto, (max-width: 1024px) 100vw, 1024px\" \/><figcaption class=\"wp-element-caption\"><strong><em>M\u00e5nadens nederb\u00f6rd \u00e4r t.o.m. idag 4 % av den normala.<\/em><\/strong><\/figcaption><\/figure>\n\n\n\n<p><\/p>\n","protected":false},"excerpt":{"rendered":"<p>En dag med lite varierande molnighet. Mestadels har solen dominerat, om \u00e4n med lite tunna molnsl\u00f6jor. Ett milt dygn med en min-temperatur p\u00e5 +6,7 grader, och den h\u00f6gsta temperaturen idag blev +17,3 grader, En m\u00e5ttlig till frisk, sydv\u00e4stlig vind idag. &hellip; <a href=\"https:\/\/jensgustafsson.se\/?p=35555\">Forts\u00e4tt l\u00e4sa <span class=\"meta-nav\">&rarr;<\/span><\/a><\/p>\n","protected":false},"author":1,"featured_media":0,"comment_status":"closed","ping_status":"","sticky":false,"template":"","format":"standard","meta":{"footnotes":""},"categories":[10],"tags":[],"class_list":["post-35555","post","type-post","status-publish","format-standard","hentry","category-vaderdagbok-2013"],"_links":{"self":[{"href":"https:\/\/jensgustafsson.se\/index.php?rest_route=\/wp\/v2\/posts\/35555","targetHints":{"allow":["GET"]}}],"collection":[{"href":"https:\/\/jensgustafsson.se\/index.php?rest_route=\/wp\/v2\/posts"}],"about":[{"href":"https:\/\/jensgustafsson.se\/index.php?rest_route=\/wp\/v2\/types\/post"}],"author":[{"embeddable":true,"href":"https:\/\/jensgustafsson.se\/index.php?rest_route=\/wp\/v2\/users\/1"}],"replies":[{"embeddable":true,"href":"https:\/\/jensgustafsson.se\/index.php?rest_route=%2Fwp%2Fv2%2Fcomments&post=35555"}],"version-history":[{"count":2,"href":"https:\/\/jensgustafsson.se\/index.php?rest_route=\/wp\/v2\/posts\/35555\/revisions"}],"predecessor-version":[{"id":35560,"href":"https:\/\/jensgustafsson.se\/index.php?rest_route=\/wp\/v2\/posts\/35555\/revisions\/35560"}],"wp:attachment":[{"href":"https:\/\/jensgustafsson.se\/index.php?rest_route=%2Fwp%2Fv2%2Fmedia&parent=35555"}],"wp:term":[{"taxonomy":"category","embeddable":true,"href":"https:\/\/jensgustafsson.se\/index.php?rest_route=%2Fwp%2Fv2%2Fcategories&post=35555"},{"taxonomy":"post_tag","embeddable":true,"href":"https:\/\/jensgustafsson.se\/index.php?rest_route=%2Fwp%2Fv2%2Ftags&post=35555"}],"curies":[{"name":"wp","href":"https:\/\/api.w.org\/{rel}","templated":true}]}}