{"id":35561,"date":"2025-04-15T16:42:49","date_gmt":"2025-04-15T15:42:49","guid":{"rendered":"https:\/\/jensgustafsson.se\/?p=35561"},"modified":"2025-04-15T16:42:49","modified_gmt":"2025-04-15T15:42:49","slug":"tisdag-15-april-2025","status":"publish","type":"post","link":"https:\/\/jensgustafsson.se\/?p=35561","title":{"rendered":"Tisdag 15 april 2025."},"content":{"rendered":"\n<p class=\"has-medium-font-size\"><em>En klar och kylig natt med frost. Dagen har dominerats av solsken, men tidvis lite tunna moln som dragit f\u00f6rbi.<\/em><\/p>\n\n\n\n<p class=\"has-medium-font-size\"><em>Den l\u00e4gsta temperaturen blev -0,4 grader, och den h\u00f6gsta blev +18,1 grader.<\/em><\/p>\n\n\n\n<p class=\"has-medium-font-size\"><em>Vinde har varit m\u00e5ttlig, och har v\u00e4xlat en del i riktningar idag.<\/em><\/p>\n\n\n\n<figure class=\"wp-block-image size-large\"><img loading=\"lazy\" decoding=\"async\" width=\"1024\" height=\"683\" src=\"https:\/\/media1.jensgustafsson.se\/2025\/04\/DSC_2308-1024x683.jpg\" alt=\"\" class=\"wp-image-35565\" srcset=\"https:\/\/media1.jensgustafsson.se\/2025\/04\/DSC_2308-1024x683.jpg 1024w, https:\/\/media1.jensgustafsson.se\/2025\/04\/DSC_2308-300x200.jpg 300w, https:\/\/media1.jensgustafsson.se\/2025\/04\/DSC_2308-768x512.jpg 768w, https:\/\/media1.jensgustafsson.se\/2025\/04\/DSC_2308-1536x1024.jpg 1536w, https:\/\/media1.jensgustafsson.se\/2025\/04\/DSC_2308-2048x1365.jpg 2048w, https:\/\/media1.jensgustafsson.se\/2025\/04\/DSC_2308-450x300.jpg 450w\" sizes=\"auto, (max-width: 1024px) 100vw, 1024px\" \/><figcaption class=\"wp-element-caption\"><strong><em>Em\u00e5n vid Ryningsn\u00e4s.<\/em><\/strong><\/figcaption><\/figure>\n\n\n\n<p class=\"has-medium-font-size\"><em>En sammanfattning fr\u00e5n min v\u00e4derstation, f\u00f6r de senaste 24 timmarna:<\/em><\/p>\n\n\n\n<p class=\"has-medium-font-size\"><strong>20250415 kl. 18.00<br \/>Min. temp: -0,4 \u00b0C<br \/>Max. temp: 18,1 \u00b0C<br \/>Min. lufttryck: 1006 hPa<br \/>Max. lufttryck: 1011,7 hPa<br \/>Min.luftfuktigh. 46 %<br \/>Max.luftfuktigh. 78 %<br \/>Domin. vindriktn.: V\u00e4xlande<br \/>Maxvind: 7 m\/s.<br \/>Nederb\u00f6rd: 0 mm<br \/>Meteorologisk \u00e5rstid: V\u00e5r<br \/>Kalendarisk \u00e5rstid: V\u00e5rm\u00e5nad 2 av 3<\/strong><\/p>\n\n\n\n<figure class=\"wp-block-image size-large\"><img loading=\"lazy\" decoding=\"async\" width=\"1024\" height=\"464\" src=\"https:\/\/media1.jensgustafsson.se\/2025\/04\/image-30-1024x464.png\" alt=\"\" class=\"wp-image-35562\" srcset=\"https:\/\/media1.jensgustafsson.se\/2025\/04\/image-30-1024x464.png 1024w, https:\/\/media1.jensgustafsson.se\/2025\/04\/image-30-300x136.png 300w, https:\/\/media1.jensgustafsson.se\/2025\/04\/image-30-768x348.png 768w, https:\/\/media1.jensgustafsson.se\/2025\/04\/image-30-1536x696.png 1536w, https:\/\/media1.jensgustafsson.se\/2025\/04\/image-30-500x227.png 500w, https:\/\/media1.jensgustafsson.se\/2025\/04\/image-30.png 1843w\" sizes=\"auto, (max-width: 1024px) 100vw, 1024px\" \/><figcaption class=\"wp-element-caption\"><strong><em>M\u00e5nadens medeltemperatur \u00e4r t.o.m. idag 0,9 grader varmare&nbsp; j\u00e4mf\u00f6rt mot den normala.<\/em><\/strong><\/figcaption><\/figure>\n\n\n\n<figure class=\"wp-block-image size-large\"><img loading=\"lazy\" decoding=\"async\" width=\"1024\" height=\"524\" src=\"https:\/\/media1.jensgustafsson.se\/2025\/04\/image-31-1024x524.png\" alt=\"\" class=\"wp-image-35563\" srcset=\"https:\/\/media1.jensgustafsson.se\/2025\/04\/image-31-1024x524.png 1024w, https:\/\/media1.jensgustafsson.se\/2025\/04\/image-31-300x154.png 300w, https:\/\/media1.jensgustafsson.se\/2025\/04\/image-31-768x393.png 768w, https:\/\/media1.jensgustafsson.se\/2025\/04\/image-31-500x256.png 500w, https:\/\/media1.jensgustafsson.se\/2025\/04\/image-31.png 1485w\" sizes=\"auto, (max-width: 1024px) 100vw, 1024px\" \/><figcaption class=\"wp-element-caption\"><strong><em>M\u00e5nadens nederb\u00f6rd \u00e4r t.o.m. idag 4 % av den normala.<\/em><\/strong><\/figcaption><\/figure>\n\n\n\n<p><\/p>\n","protected":false},"excerpt":{"rendered":"<p>En klar och kylig natt med frost. Dagen har dominerats av solsken, men tidvis lite tunna moln som dragit f\u00f6rbi. Den l\u00e4gsta temperaturen blev -0,4 grader, och den h\u00f6gsta blev +18,1 grader. Vinde har varit m\u00e5ttlig, och har v\u00e4xlat en &hellip; <a href=\"https:\/\/jensgustafsson.se\/?p=35561\">Forts\u00e4tt l\u00e4sa <span class=\"meta-nav\">&rarr;<\/span><\/a><\/p>\n","protected":false},"author":1,"featured_media":0,"comment_status":"closed","ping_status":"","sticky":false,"template":"","format":"standard","meta":{"footnotes":""},"categories":[10],"tags":[],"class_list":["post-35561","post","type-post","status-publish","format-standard","hentry","category-vaderdagbok-2013"],"_links":{"self":[{"href":"https:\/\/jensgustafsson.se\/index.php?rest_route=\/wp\/v2\/posts\/35561","targetHints":{"allow":["GET"]}}],"collection":[{"href":"https:\/\/jensgustafsson.se\/index.php?rest_route=\/wp\/v2\/posts"}],"about":[{"href":"https:\/\/jensgustafsson.se\/index.php?rest_route=\/wp\/v2\/types\/post"}],"author":[{"embeddable":true,"href":"https:\/\/jensgustafsson.se\/index.php?rest_route=\/wp\/v2\/users\/1"}],"replies":[{"embeddable":true,"href":"https:\/\/jensgustafsson.se\/index.php?rest_route=%2Fwp%2Fv2%2Fcomments&post=35561"}],"version-history":[{"count":2,"href":"https:\/\/jensgustafsson.se\/index.php?rest_route=\/wp\/v2\/posts\/35561\/revisions"}],"predecessor-version":[{"id":35566,"href":"https:\/\/jensgustafsson.se\/index.php?rest_route=\/wp\/v2\/posts\/35561\/revisions\/35566"}],"wp:attachment":[{"href":"https:\/\/jensgustafsson.se\/index.php?rest_route=%2Fwp%2Fv2%2Fmedia&parent=35561"}],"wp:term":[{"taxonomy":"category","embeddable":true,"href":"https:\/\/jensgustafsson.se\/index.php?rest_route=%2Fwp%2Fv2%2Fcategories&post=35561"},{"taxonomy":"post_tag","embeddable":true,"href":"https:\/\/jensgustafsson.se\/index.php?rest_route=%2Fwp%2Fv2%2Ftags&post=35561"}],"curies":[{"name":"wp","href":"https:\/\/api.w.org\/{rel}","templated":true}]}}