{"id":35567,"date":"2025-04-16T18:07:21","date_gmt":"2025-04-16T17:07:21","guid":{"rendered":"https:\/\/jensgustafsson.se\/?p=35567"},"modified":"2025-04-16T18:07:21","modified_gmt":"2025-04-16T17:07:21","slug":"onsdag-16-april-2025","status":"publish","type":"post","link":"https:\/\/jensgustafsson.se\/?p=35567","title":{"rendered":"Onsdag 16 april 2025."},"content":{"rendered":"\n<p class=\"has-medium-font-size\"><em>Idag har molnen dominerat, bara vid n\u00e5gra tillf\u00e4llen har det varit n\u00e5gra luckor i molnt\u00e4cket.<\/em><\/p>\n\n\n\n<p class=\"has-medium-font-size\"><em>En mild natt med +8,9 grader som l\u00e4gst, och den h\u00f6gsta dagstemperaturen blev +14,7 grader.<\/em><\/p>\n\n\n\n<p class=\"has-medium-font-size\"><em>Vinden har varit svag till m\u00e5ttlig, omkring nordost.<\/em><\/p>\n\n\n\n<figure class=\"wp-block-image size-large\"><img loading=\"lazy\" decoding=\"async\" width=\"1024\" height=\"683\" src=\"https:\/\/media1.jensgustafsson.se\/2025\/04\/DSC_2399-1024x683.jpg\" alt=\"\" class=\"wp-image-35568\" srcset=\"https:\/\/media1.jensgustafsson.se\/2025\/04\/DSC_2399-1024x683.jpg 1024w, https:\/\/media1.jensgustafsson.se\/2025\/04\/DSC_2399-300x200.jpg 300w, https:\/\/media1.jensgustafsson.se\/2025\/04\/DSC_2399-768x512.jpg 768w, https:\/\/media1.jensgustafsson.se\/2025\/04\/DSC_2399-1536x1024.jpg 1536w, https:\/\/media1.jensgustafsson.se\/2025\/04\/DSC_2399-2048x1365.jpg 2048w, https:\/\/media1.jensgustafsson.se\/2025\/04\/DSC_2399-450x300.jpg 450w\" sizes=\"auto, (max-width: 1024px) 100vw, 1024px\" \/><figcaption class=\"wp-element-caption\"><strong><em>Tusensk\u00f6nor.<\/em><\/strong><\/figcaption><\/figure>\n\n\n\n<p class=\"has-medium-font-size\"><em>En sammanfattning fr\u00e5n min v\u00e4derstation, f\u00f6r de senaste 24 timmarna:<\/em><\/p>\n\n\n\n<p class=\"has-medium-font-size\"><strong>20250416 kl. 19.00<br \/>Min. temp: 8,9 \u00b0C<br \/>Max. temp: 14,7 \u00b0C<br \/>Min. lufttryck: 1006,5 hPa<br \/>Max. lufttryck: 1009,9 hPa<br \/>Min.luftfuktigh. 49 %<br \/>Max.luftfuktigh. 76 %<br \/>Domin. vindriktn.: Nordostlig<br \/>Maxvind: 3 m\/s.<br \/>Nederb\u00f6rd: 0 mm<br \/>Meteorologisk \u00e5rstid: V\u00e5r<br \/>Kalendarisk \u00e5rstid: V\u00e5rm\u00e5nad 2 av 3<\/strong><\/p>\n\n\n\n<figure class=\"wp-block-image size-large\"><img loading=\"lazy\" decoding=\"async\" width=\"1024\" height=\"464\" src=\"https:\/\/media1.jensgustafsson.se\/2025\/04\/image-32-1024x464.png\" alt=\"\" class=\"wp-image-35571\" srcset=\"https:\/\/media1.jensgustafsson.se\/2025\/04\/image-32-1024x464.png 1024w, https:\/\/media1.jensgustafsson.se\/2025\/04\/image-32-300x136.png 300w, https:\/\/media1.jensgustafsson.se\/2025\/04\/image-32-768x348.png 768w, https:\/\/media1.jensgustafsson.se\/2025\/04\/image-32-1536x696.png 1536w, https:\/\/media1.jensgustafsson.se\/2025\/04\/image-32-500x227.png 500w, https:\/\/media1.jensgustafsson.se\/2025\/04\/image-32.png 1843w\" sizes=\"auto, (max-width: 1024px) 100vw, 1024px\" \/><figcaption class=\"wp-element-caption\"><strong><em>M\u00e5nadens medeltemperatur \u00e4r t.o.m. idag 1,2 grader varmare\u00a0 j\u00e4mf\u00f6rt mot den normala.<\/em><\/strong><\/figcaption><\/figure>\n\n\n\n<figure class=\"wp-block-image size-large\"><img loading=\"lazy\" decoding=\"async\" width=\"1024\" height=\"524\" src=\"https:\/\/media1.jensgustafsson.se\/2025\/04\/image-33-1024x524.png\" alt=\"\" class=\"wp-image-35572\" srcset=\"https:\/\/media1.jensgustafsson.se\/2025\/04\/image-33-1024x524.png 1024w, https:\/\/media1.jensgustafsson.se\/2025\/04\/image-33-300x154.png 300w, https:\/\/media1.jensgustafsson.se\/2025\/04\/image-33-768x393.png 768w, https:\/\/media1.jensgustafsson.se\/2025\/04\/image-33-500x256.png 500w, https:\/\/media1.jensgustafsson.se\/2025\/04\/image-33.png 1485w\" sizes=\"auto, (max-width: 1024px) 100vw, 1024px\" \/><figcaption class=\"wp-element-caption\"><strong><em>M\u00e5nadens nederb\u00f6rd \u00e4r t.o.m. idag 4 % av den normala.<\/em><\/strong><\/figcaption><\/figure>\n\n\n\n<p><\/p>\n","protected":false},"excerpt":{"rendered":"<p>Idag har molnen dominerat, bara vid n\u00e5gra tillf\u00e4llen har det varit n\u00e5gra luckor i molnt\u00e4cket. En mild natt med +8,9 grader som l\u00e4gst, och den h\u00f6gsta dagstemperaturen blev +14,7 grader. Vinden har varit svag till m\u00e5ttlig, omkring nordost. En sammanfattning &hellip; <a href=\"https:\/\/jensgustafsson.se\/?p=35567\">Forts\u00e4tt l\u00e4sa <span class=\"meta-nav\">&rarr;<\/span><\/a><\/p>\n","protected":false},"author":1,"featured_media":0,"comment_status":"closed","ping_status":"","sticky":false,"template":"","format":"standard","meta":{"footnotes":""},"categories":[10],"tags":[],"class_list":["post-35567","post","type-post","status-publish","format-standard","hentry","category-vaderdagbok-2013"],"_links":{"self":[{"href":"https:\/\/jensgustafsson.se\/index.php?rest_route=\/wp\/v2\/posts\/35567","targetHints":{"allow":["GET"]}}],"collection":[{"href":"https:\/\/jensgustafsson.se\/index.php?rest_route=\/wp\/v2\/posts"}],"about":[{"href":"https:\/\/jensgustafsson.se\/index.php?rest_route=\/wp\/v2\/types\/post"}],"author":[{"embeddable":true,"href":"https:\/\/jensgustafsson.se\/index.php?rest_route=\/wp\/v2\/users\/1"}],"replies":[{"embeddable":true,"href":"https:\/\/jensgustafsson.se\/index.php?rest_route=%2Fwp%2Fv2%2Fcomments&post=35567"}],"version-history":[{"count":3,"href":"https:\/\/jensgustafsson.se\/index.php?rest_route=\/wp\/v2\/posts\/35567\/revisions"}],"predecessor-version":[{"id":35573,"href":"https:\/\/jensgustafsson.se\/index.php?rest_route=\/wp\/v2\/posts\/35567\/revisions\/35573"}],"wp:attachment":[{"href":"https:\/\/jensgustafsson.se\/index.php?rest_route=%2Fwp%2Fv2%2Fmedia&parent=35567"}],"wp:term":[{"taxonomy":"category","embeddable":true,"href":"https:\/\/jensgustafsson.se\/index.php?rest_route=%2Fwp%2Fv2%2Fcategories&post=35567"},{"taxonomy":"post_tag","embeddable":true,"href":"https:\/\/jensgustafsson.se\/index.php?rest_route=%2Fwp%2Fv2%2Ftags&post=35567"}],"curies":[{"name":"wp","href":"https:\/\/api.w.org\/{rel}","templated":true}]}}