{"id":35584,"date":"2025-04-18T17:03:30","date_gmt":"2025-04-18T16:03:30","guid":{"rendered":"https:\/\/jensgustafsson.se\/?p=35584"},"modified":"2025-04-18T17:03:30","modified_gmt":"2025-04-18T16:03:30","slug":"fredag-langfredagen-18-april-2025","status":"publish","type":"post","link":"https:\/\/jensgustafsson.se\/?p=35584","title":{"rendered":"Fredag (L\u00e5ngfredagen) 18 april 2025."},"content":{"rendered":"\n<p class=\"has-medium-font-size\"><em>Dimma p\u00e5 morgonen. \u00c4ven idag har molnen dominerat, men ocks\u00e5 perioder med lite ljusare partier bland molnen. Under senare delen av eftermiddagen kom det en l\u00e4tt regnskur ocks\u00e5, men inte tillr\u00e4ckligt f\u00f6r att regnm\u00e4taren skulle reagera.<\/em><\/p>\n\n\n\n<p class=\"has-medium-font-size\"><em>Den l\u00e4gsta temperaturen blev +8,7 grader, och den h\u00f6gsta blev +18,7 grader.<\/em><\/p>\n\n\n\n<p class=\"has-medium-font-size\"><em>Vinden har varit svag, och v\u00e4xlat lite mellan nordv\u00e4st-nordlig-nordostlig.<\/em><\/p>\n\n\n\n<figure class=\"wp-block-image size-large\"><img loading=\"lazy\" decoding=\"async\" width=\"1024\" height=\"768\" src=\"https:\/\/media1.jensgustafsson.se\/2025\/04\/18-april-2025-2-1024x768.jpg\" alt=\"\" class=\"wp-image-35585\" srcset=\"https:\/\/media1.jensgustafsson.se\/2025\/04\/18-april-2025-2-1024x768.jpg 1024w, https:\/\/media1.jensgustafsson.se\/2025\/04\/18-april-2025-2-300x225.jpg 300w, https:\/\/media1.jensgustafsson.se\/2025\/04\/18-april-2025-2-768x576.jpg 768w, https:\/\/media1.jensgustafsson.se\/2025\/04\/18-april-2025-2-1536x1152.jpg 1536w, https:\/\/media1.jensgustafsson.se\/2025\/04\/18-april-2025-2-400x300.jpg 400w, https:\/\/media1.jensgustafsson.se\/2025\/04\/18-april-2025-2.jpg 1920w\" sizes=\"auto, (max-width: 1024px) 100vw, 1024px\" \/><figcaption class=\"wp-element-caption\"><strong><em>Disigt p\u00e5 morgonen vid Klobosj\u00f6n.<\/em><\/strong><\/figcaption><\/figure>\n\n\n\n<p class=\"has-medium-font-size\"><em>En sammanfattning fr\u00e5n min v\u00e4derstation, f\u00f6r de senaste 24 timmarna:<\/em><\/p>\n\n\n\n<p class=\"has-medium-font-size\"><strong>20250418 kl. 18.00<br \/>Min. temp: 8,7 \u00b0C<br \/>Max. temp: 18,7 \u00b0C<br \/>Min. lufttryck: 1004,8 hPa<br \/>Max. lufttryck: 1008,8 hPa<br \/>Min.luftfuktigh. 62 %<br \/>Max.luftfuktigh. 87 %<br \/>Domin. vindriktn.: Nordlig<br \/>Maxvind: 5 m\/s.<br \/>Nederb\u00f6rd: 0 mm<br \/>Meteorologisk \u00e5rstid: V\u00e5r<br \/>Kalendarisk \u00e5rstid: V\u00e5rm\u00e5nad 2 av 3<\/strong><\/p>\n\n\n\n<figure class=\"wp-block-image size-large\"><img loading=\"lazy\" decoding=\"async\" width=\"1024\" height=\"464\" src=\"https:\/\/media1.jensgustafsson.se\/2025\/04\/image-36-1024x464.png\" alt=\"\" class=\"wp-image-35587\" srcset=\"https:\/\/media1.jensgustafsson.se\/2025\/04\/image-36-1024x464.png 1024w, https:\/\/media1.jensgustafsson.se\/2025\/04\/image-36-300x136.png 300w, https:\/\/media1.jensgustafsson.se\/2025\/04\/image-36-768x348.png 768w, https:\/\/media1.jensgustafsson.se\/2025\/04\/image-36-1536x696.png 1536w, https:\/\/media1.jensgustafsson.se\/2025\/04\/image-36-500x227.png 500w, https:\/\/media1.jensgustafsson.se\/2025\/04\/image-36.png 1843w\" sizes=\"auto, (max-width: 1024px) 100vw, 1024px\" \/><figcaption class=\"wp-element-caption\"><strong><em>M\u00e5nadens medeltemperatur \u00e4r t.o.m. idag 1,8 grader varmare\u00a0 j\u00e4mf\u00f6rt mot den normala.<\/em><\/strong><\/figcaption><\/figure>\n\n\n\n<figure class=\"wp-block-image size-large\"><img loading=\"lazy\" decoding=\"async\" width=\"1024\" height=\"524\" src=\"https:\/\/media1.jensgustafsson.se\/2025\/04\/image-37-1024x524.png\" alt=\"\" class=\"wp-image-35588\" srcset=\"https:\/\/media1.jensgustafsson.se\/2025\/04\/image-37-1024x524.png 1024w, https:\/\/media1.jensgustafsson.se\/2025\/04\/image-37-300x154.png 300w, https:\/\/media1.jensgustafsson.se\/2025\/04\/image-37-768x393.png 768w, https:\/\/media1.jensgustafsson.se\/2025\/04\/image-37-500x256.png 500w, https:\/\/media1.jensgustafsson.se\/2025\/04\/image-37.png 1485w\" sizes=\"auto, (max-width: 1024px) 100vw, 1024px\" \/><figcaption class=\"wp-element-caption\"><strong><em>M\u00e5nadens nederb\u00f6rd \u00e4r t.o.m. idag 4 % av den normala.<\/em><\/strong><\/figcaption><\/figure>\n\n\n\n<p><\/p>\n","protected":false},"excerpt":{"rendered":"<p>Dimma p\u00e5 morgonen. \u00c4ven idag har molnen dominerat, men ocks\u00e5 perioder med lite ljusare partier bland molnen. Under senare delen av eftermiddagen kom det en l\u00e4tt regnskur ocks\u00e5, men inte tillr\u00e4ckligt f\u00f6r att regnm\u00e4taren skulle reagera. Den l\u00e4gsta temperaturen blev &hellip; <a href=\"https:\/\/jensgustafsson.se\/?p=35584\">Forts\u00e4tt l\u00e4sa <span class=\"meta-nav\">&rarr;<\/span><\/a><\/p>\n","protected":false},"author":1,"featured_media":0,"comment_status":"closed","ping_status":"","sticky":false,"template":"","format":"standard","meta":{"footnotes":""},"categories":[10],"tags":[],"class_list":["post-35584","post","type-post","status-publish","format-standard","hentry","category-vaderdagbok-2013"],"_links":{"self":[{"href":"https:\/\/jensgustafsson.se\/index.php?rest_route=\/wp\/v2\/posts\/35584","targetHints":{"allow":["GET"]}}],"collection":[{"href":"https:\/\/jensgustafsson.se\/index.php?rest_route=\/wp\/v2\/posts"}],"about":[{"href":"https:\/\/jensgustafsson.se\/index.php?rest_route=\/wp\/v2\/types\/post"}],"author":[{"embeddable":true,"href":"https:\/\/jensgustafsson.se\/index.php?rest_route=\/wp\/v2\/users\/1"}],"replies":[{"embeddable":true,"href":"https:\/\/jensgustafsson.se\/index.php?rest_route=%2Fwp%2Fv2%2Fcomments&post=35584"}],"version-history":[{"count":3,"href":"https:\/\/jensgustafsson.se\/index.php?rest_route=\/wp\/v2\/posts\/35584\/revisions"}],"predecessor-version":[{"id":35590,"href":"https:\/\/jensgustafsson.se\/index.php?rest_route=\/wp\/v2\/posts\/35584\/revisions\/35590"}],"wp:attachment":[{"href":"https:\/\/jensgustafsson.se\/index.php?rest_route=%2Fwp%2Fv2%2Fmedia&parent=35584"}],"wp:term":[{"taxonomy":"category","embeddable":true,"href":"https:\/\/jensgustafsson.se\/index.php?rest_route=%2Fwp%2Fv2%2Fcategories&post=35584"},{"taxonomy":"post_tag","embeddable":true,"href":"https:\/\/jensgustafsson.se\/index.php?rest_route=%2Fwp%2Fv2%2Ftags&post=35584"}],"curies":[{"name":"wp","href":"https:\/\/api.w.org\/{rel}","templated":true}]}}