{"id":35642,"date":"2025-04-19T16:20:22","date_gmt":"2025-04-19T15:20:22","guid":{"rendered":"https:\/\/jensgustafsson.se\/?p=35642"},"modified":"2025-04-20T08:05:42","modified_gmt":"2025-04-20T07:05:42","slug":"lordag-paskafton-19-april-2025","status":"publish","type":"post","link":"https:\/\/jensgustafsson.se\/?p=35642","title":{"rendered":"L\u00f6rdag (P\u00e5skafton) 19 april 2025."},"content":{"rendered":"\n<p class=\"has-medium-font-size\"><em>Det kom lite regn till ig\u00e5r kv\u00e4ll, s\u00e5 nu orkade m\u00e4taren registrera n\u00e5got i alla fall.<\/em><\/p>\n\n\n\n<p class=\"has-medium-font-size\"><em>P\u00e5skaftonen bj\u00f6d oss p\u00e5 b\u00e5de sol och moln. Mest solglimtar p\u00e5 f\u00f6rmiddagen, medan molnigheten \u00f6kade under eftermiddagen.<\/em><\/p>\n\n\n\n<p class=\"has-medium-font-size\"><em>Den l\u00e4gsta temperaturen blev +7,5 grader, och den h\u00f6gsta blev +16,4 grader.<\/em><\/p>\n\n\n\n<p class=\"has-medium-font-size\"><em>Vinden har varit svag till m\u00e5ttlig, nordostlig idag.<\/em><\/p>\n\n\n\n<figure class=\"wp-block-image size-large\"><img loading=\"lazy\" decoding=\"async\" width=\"1024\" height=\"683\" src=\"https:\/\/media1.jensgustafsson.se\/2025\/04\/DSC_2452-1024x683.jpg\" alt=\"\" class=\"wp-image-35644\" srcset=\"https:\/\/media1.jensgustafsson.se\/2025\/04\/DSC_2452-1024x683.jpg 1024w, https:\/\/media1.jensgustafsson.se\/2025\/04\/DSC_2452-300x200.jpg 300w, https:\/\/media1.jensgustafsson.se\/2025\/04\/DSC_2452-768x512.jpg 768w, https:\/\/media1.jensgustafsson.se\/2025\/04\/DSC_2452-1536x1024.jpg 1536w, https:\/\/media1.jensgustafsson.se\/2025\/04\/DSC_2452-2048x1365.jpg 2048w, https:\/\/media1.jensgustafsson.se\/2025\/04\/DSC_2452-450x300.jpg 450w\" sizes=\"auto, (max-width: 1024px) 100vw, 1024px\" \/><figcaption class=\"wp-element-caption\"><strong><em>Vid K\u00e4lltorp mellan F\u00e5gelfors och H\u00f6gsby i eftermiddag.<\/em><\/strong><\/figcaption><\/figure>\n\n\n\n<p class=\"has-medium-font-size\"><em>En sammanfattning fr\u00e5n min v\u00e4derstation, f\u00f6r de senaste 24 timmarna:<\/em><\/p>\n\n\n\n<p class=\"has-medium-font-size\"><strong>20250419 kl. 17.30<br \/>Min. temp: 7,5 \u00b0C<br \/>Max. temp: 16,4 \u00b0C<br \/>Min. lufttryck: 1003,9 hPa<br \/>Max. lufttryck: 1006 hPa<br \/>Min.luftfuktigh. 65 %<br \/>Max.luftfuktigh. 86 %<br \/>Domin. vindriktn.: Nordostlig<br \/>Maxvind: 7 m\/s.<br \/>Nederb\u00f6rd: 1 mm<br \/>Meteorologisk \u00e5rstid: V\u00e5r<br \/>Kalendarisk \u00e5rstid: V\u00e5rm\u00e5nad 2 av 3<\/strong><\/p>\n\n\n\n<figure class=\"wp-block-image size-large\"><img loading=\"lazy\" decoding=\"async\" width=\"1024\" height=\"464\" src=\"https:\/\/media1.jensgustafsson.se\/2025\/04\/image-38-1024x464.png\" alt=\"\" class=\"wp-image-35647\" srcset=\"https:\/\/media1.jensgustafsson.se\/2025\/04\/image-38-1024x464.png 1024w, https:\/\/media1.jensgustafsson.se\/2025\/04\/image-38-300x136.png 300w, https:\/\/media1.jensgustafsson.se\/2025\/04\/image-38-768x348.png 768w, https:\/\/media1.jensgustafsson.se\/2025\/04\/image-38-1536x696.png 1536w, https:\/\/media1.jensgustafsson.se\/2025\/04\/image-38-500x227.png 500w, https:\/\/media1.jensgustafsson.se\/2025\/04\/image-38.png 1843w\" sizes=\"auto, (max-width: 1024px) 100vw, 1024px\" \/><figcaption class=\"wp-element-caption\"><strong><em>M\u00e5nadens medeltemperatur \u00e4r t.o.m. idag 2 grader varmare&nbsp; j\u00e4mf\u00f6rt mot den normala.<\/em><\/strong><\/figcaption><\/figure>\n\n\n\n<figure class=\"wp-block-image size-large\"><img loading=\"lazy\" decoding=\"async\" width=\"1024\" height=\"524\" src=\"https:\/\/media1.jensgustafsson.se\/2025\/04\/image-39-1024x524.png\" alt=\"\" class=\"wp-image-35648\" srcset=\"https:\/\/media1.jensgustafsson.se\/2025\/04\/image-39-1024x524.png 1024w, https:\/\/media1.jensgustafsson.se\/2025\/04\/image-39-300x154.png 300w, https:\/\/media1.jensgustafsson.se\/2025\/04\/image-39-768x393.png 768w, https:\/\/media1.jensgustafsson.se\/2025\/04\/image-39-500x256.png 500w, https:\/\/media1.jensgustafsson.se\/2025\/04\/image-39.png 1485w\" sizes=\"auto, (max-width: 1024px) 100vw, 1024px\" \/><figcaption class=\"wp-element-caption\"><strong><em>M\u00e5nadens nederb\u00f6rd \u00e4r t.o.m. idag 7 % av den normala.<\/em><\/strong><\/figcaption><\/figure>\n\n\n\n<p><\/p>\n","protected":false},"excerpt":{"rendered":"<p>Det kom lite regn till ig\u00e5r kv\u00e4ll, s\u00e5 nu orkade m\u00e4taren registrera n\u00e5got i alla fall. P\u00e5skaftonen bj\u00f6d oss p\u00e5 b\u00e5de sol och moln. Mest solglimtar p\u00e5 f\u00f6rmiddagen, medan molnigheten \u00f6kade under eftermiddagen. Den l\u00e4gsta temperaturen blev +7,5 grader, och &hellip; <a href=\"https:\/\/jensgustafsson.se\/?p=35642\">Forts\u00e4tt l\u00e4sa <span class=\"meta-nav\">&rarr;<\/span><\/a><\/p>\n","protected":false},"author":1,"featured_media":0,"comment_status":"closed","ping_status":"","sticky":false,"template":"","format":"standard","meta":{"footnotes":""},"categories":[10],"tags":[],"class_list":["post-35642","post","type-post","status-publish","format-standard","hentry","category-vaderdagbok-2013"],"_links":{"self":[{"href":"https:\/\/jensgustafsson.se\/index.php?rest_route=\/wp\/v2\/posts\/35642","targetHints":{"allow":["GET"]}}],"collection":[{"href":"https:\/\/jensgustafsson.se\/index.php?rest_route=\/wp\/v2\/posts"}],"about":[{"href":"https:\/\/jensgustafsson.se\/index.php?rest_route=\/wp\/v2\/types\/post"}],"author":[{"embeddable":true,"href":"https:\/\/jensgustafsson.se\/index.php?rest_route=\/wp\/v2\/users\/1"}],"replies":[{"embeddable":true,"href":"https:\/\/jensgustafsson.se\/index.php?rest_route=%2Fwp%2Fv2%2Fcomments&post=35642"}],"version-history":[{"count":6,"href":"https:\/\/jensgustafsson.se\/index.php?rest_route=\/wp\/v2\/posts\/35642\/revisions"}],"predecessor-version":[{"id":35651,"href":"https:\/\/jensgustafsson.se\/index.php?rest_route=\/wp\/v2\/posts\/35642\/revisions\/35651"}],"wp:attachment":[{"href":"https:\/\/jensgustafsson.se\/index.php?rest_route=%2Fwp%2Fv2%2Fmedia&parent=35642"}],"wp:term":[{"taxonomy":"category","embeddable":true,"href":"https:\/\/jensgustafsson.se\/index.php?rest_route=%2Fwp%2Fv2%2Fcategories&post=35642"},{"taxonomy":"post_tag","embeddable":true,"href":"https:\/\/jensgustafsson.se\/index.php?rest_route=%2Fwp%2Fv2%2Ftags&post=35642"}],"curies":[{"name":"wp","href":"https:\/\/api.w.org\/{rel}","templated":true}]}}