{"id":35653,"date":"2025-04-20T16:17:35","date_gmt":"2025-04-20T15:17:35","guid":{"rendered":"https:\/\/jensgustafsson.se\/?p=35653"},"modified":"2025-04-20T16:17:35","modified_gmt":"2025-04-20T15:17:35","slug":"sondag-paskdagen-20-april-2025","status":"publish","type":"post","link":"https:\/\/jensgustafsson.se\/?p=35653","title":{"rendered":"S\u00f6ndag (P\u00e5skdagen) 20 april 2025."},"content":{"rendered":"\n<p class=\"has-medium-font-size\"><em>En molnig dag med n\u00e5gra enstaka tillf\u00e4llen av lite sm\u00e5 glesningar av molnen. Lite regn p\u00e5 morgonen, och \u00e4ven n\u00e5gra st\u00e4nk p\u00e5 eftermiddagen.<\/em><\/p>\n\n\n\n<p class=\"has-medium-font-size\"><em>Den l\u00e4gsta temperaturen blev +7,1 grader, och den h\u00f6gsta blev +13,2 grader.<\/em><\/p>\n\n\n\n<p class=\"has-medium-font-size\"><em>Vinden har idag varit svag, och till att b\u00f6rja med var den nordostlig. Under eftermiddagen har den vridit mot sydost, och d\u00e4refter till sydv\u00e4st.<\/em><\/p>\n\n\n\n<p class=\"has-large-font-size\"><strong><em>Meteorologisk sommar i F\u00e5gelfors.<\/em><\/strong><\/p>\n\n\n\n<figure class=\"wp-block-image size-full\"><img loading=\"lazy\" decoding=\"async\" width=\"894\" height=\"450\" src=\"https:\/\/media1.jensgustafsson.se\/2025\/04\/image-40.png\" alt=\"\" class=\"wp-image-35654\" srcset=\"https:\/\/media1.jensgustafsson.se\/2025\/04\/image-40.png 894w, https:\/\/media1.jensgustafsson.se\/2025\/04\/image-40-300x151.png 300w, https:\/\/media1.jensgustafsson.se\/2025\/04\/image-40-768x387.png 768w, https:\/\/media1.jensgustafsson.se\/2025\/04\/image-40-500x252.png 500w\" sizes=\"auto, (max-width: 894px) 100vw, 894px\" \/><figcaption class=\"wp-element-caption\"><strong><em>Dygnsmedeltemperaturen de 20 f\u00f6rsta dygnen i april 2025.<\/em><\/strong><\/figcaption><\/figure>\n\n\n\n<p class=\"has-medium-font-size\"><em>Nu har vi haft fem dygn p\u00e5 raken med en dygnsmedeltemperatur \u00f6ver +10 grader, och det inneb\u00e4r att vi gick in i meteorologisk sommar det f\u00f6rsta av dessa fem dygn. <strong>Konstaterar att vi fick meteorologisk sommar i F\u00e5gelfors den 16 april 2025. <\/strong>Det \u00e4r lite tidigt mot vad det varit i referensperioden 1991-2020. Det tidigaste datumet sommaren kommit i normalperioden \u00e4r den 13 april 2007.<\/em><\/p>\n\n\n\n<p class=\"has-medium-font-size\"><\/p>\n\n\n\n<figure class=\"wp-block-image size-large\"><img loading=\"lazy\" decoding=\"async\" width=\"1024\" height=\"683\" src=\"https:\/\/media1.jensgustafsson.se\/2025\/04\/DSC_2444-1024x683.jpg\" alt=\"\" class=\"wp-image-35660\" srcset=\"https:\/\/media1.jensgustafsson.se\/2025\/04\/DSC_2444-1024x683.jpg 1024w, https:\/\/media1.jensgustafsson.se\/2025\/04\/DSC_2444-300x200.jpg 300w, https:\/\/media1.jensgustafsson.se\/2025\/04\/DSC_2444-768x512.jpg 768w, https:\/\/media1.jensgustafsson.se\/2025\/04\/DSC_2444-1536x1024.jpg 1536w, https:\/\/media1.jensgustafsson.se\/2025\/04\/DSC_2444-2048x1365.jpg 2048w, https:\/\/media1.jensgustafsson.se\/2025\/04\/DSC_2444-450x300.jpg 450w\" sizes=\"auto, (max-width: 1024px) 100vw, 1024px\" \/><figcaption class=\"wp-element-caption\"><strong><em>Vitsippor, foto taget ig\u00e5r, p\u00e5skafton 2025.<\/em><\/strong><\/figcaption><\/figure>\n\n\n\n<p class=\"has-medium-font-size\"><em>En sammanfattning fr\u00e5n min v\u00e4derstation, f\u00f6r de senaste 24 timmarna:<\/em><\/p>\n\n\n\n<p class=\"has-medium-font-size\"><strong>20250420 kl. 17.00<br \/>Min. temp: 7,1 \u00b0C<br \/>Max. temp: 13,2 \u00b0C<br \/>Min. lufttryck: 1003,7 hPa<br \/>Max. lufttryck: 1005,6 hPa<br \/>Min.luftfuktigh. 68 %<br \/>Max.luftfuktigh. 85 %<br \/>Domin. vindriktn.: Nordostlig<br \/>Maxvind: 3 m\/s.<br \/>Nederb\u00f6rd: 1 mm<br \/>Meteorologisk \u00e5rstid: Sommar<br \/>Kalendarisk \u00e5rstid: V\u00e5rm\u00e5nad 2 av 3<\/strong><\/p>\n\n\n\n<figure class=\"wp-block-image size-large\"><img loading=\"lazy\" decoding=\"async\" width=\"1024\" height=\"464\" src=\"https:\/\/media1.jensgustafsson.se\/2025\/04\/image-41-1024x464.png\" alt=\"\" class=\"wp-image-35656\" srcset=\"https:\/\/media1.jensgustafsson.se\/2025\/04\/image-41-1024x464.png 1024w, https:\/\/media1.jensgustafsson.se\/2025\/04\/image-41-300x136.png 300w, https:\/\/media1.jensgustafsson.se\/2025\/04\/image-41-768x348.png 768w, https:\/\/media1.jensgustafsson.se\/2025\/04\/image-41-1536x696.png 1536w, https:\/\/media1.jensgustafsson.se\/2025\/04\/image-41-500x227.png 500w, https:\/\/media1.jensgustafsson.se\/2025\/04\/image-41.png 1843w\" sizes=\"auto, (max-width: 1024px) 100vw, 1024px\" \/><figcaption class=\"wp-element-caption\"><strong><em>M\u00e5nadens medeltemperatur \u00e4r t.o.m. idag 2,1 grader varmare&nbsp; j\u00e4mf\u00f6rt mot den normala.<\/em><\/strong><\/figcaption><\/figure>\n\n\n\n<figure class=\"wp-block-image size-large\"><img loading=\"lazy\" decoding=\"async\" width=\"1024\" height=\"524\" src=\"https:\/\/media1.jensgustafsson.se\/2025\/04\/image-42-1024x524.png\" alt=\"\" class=\"wp-image-35657\" srcset=\"https:\/\/media1.jensgustafsson.se\/2025\/04\/image-42-1024x524.png 1024w, https:\/\/media1.jensgustafsson.se\/2025\/04\/image-42-300x154.png 300w, https:\/\/media1.jensgustafsson.se\/2025\/04\/image-42-768x393.png 768w, https:\/\/media1.jensgustafsson.se\/2025\/04\/image-42-500x256.png 500w, https:\/\/media1.jensgustafsson.se\/2025\/04\/image-42.png 1485w\" sizes=\"auto, (max-width: 1024px) 100vw, 1024px\" \/><figcaption class=\"wp-element-caption\"><strong><em>M\u00e5nadens nederb\u00f6rd \u00e4r t.o.m. idag 11 % av den normala.<\/em><\/strong><\/figcaption><\/figure>\n\n\n\n<p><\/p>\n","protected":false},"excerpt":{"rendered":"<p>En molnig dag med n\u00e5gra enstaka tillf\u00e4llen av lite sm\u00e5 glesningar av molnen. Lite regn p\u00e5 morgonen, och \u00e4ven n\u00e5gra st\u00e4nk p\u00e5 eftermiddagen. Den l\u00e4gsta temperaturen blev +7,1 grader, och den h\u00f6gsta blev +13,2 grader. Vinden har idag varit svag, &hellip; <a href=\"https:\/\/jensgustafsson.se\/?p=35653\">Forts\u00e4tt l\u00e4sa <span class=\"meta-nav\">&rarr;<\/span><\/a><\/p>\n","protected":false},"author":1,"featured_media":0,"comment_status":"closed","ping_status":"","sticky":false,"template":"","format":"standard","meta":{"footnotes":""},"categories":[10],"tags":[],"class_list":["post-35653","post","type-post","status-publish","format-standard","hentry","category-vaderdagbok-2013"],"_links":{"self":[{"href":"https:\/\/jensgustafsson.se\/index.php?rest_route=\/wp\/v2\/posts\/35653","targetHints":{"allow":["GET"]}}],"collection":[{"href":"https:\/\/jensgustafsson.se\/index.php?rest_route=\/wp\/v2\/posts"}],"about":[{"href":"https:\/\/jensgustafsson.se\/index.php?rest_route=\/wp\/v2\/types\/post"}],"author":[{"embeddable":true,"href":"https:\/\/jensgustafsson.se\/index.php?rest_route=\/wp\/v2\/users\/1"}],"replies":[{"embeddable":true,"href":"https:\/\/jensgustafsson.se\/index.php?rest_route=%2Fwp%2Fv2%2Fcomments&post=35653"}],"version-history":[{"count":7,"href":"https:\/\/jensgustafsson.se\/index.php?rest_route=\/wp\/v2\/posts\/35653\/revisions"}],"predecessor-version":[{"id":35664,"href":"https:\/\/jensgustafsson.se\/index.php?rest_route=\/wp\/v2\/posts\/35653\/revisions\/35664"}],"wp:attachment":[{"href":"https:\/\/jensgustafsson.se\/index.php?rest_route=%2Fwp%2Fv2%2Fmedia&parent=35653"}],"wp:term":[{"taxonomy":"category","embeddable":true,"href":"https:\/\/jensgustafsson.se\/index.php?rest_route=%2Fwp%2Fv2%2Fcategories&post=35653"},{"taxonomy":"post_tag","embeddable":true,"href":"https:\/\/jensgustafsson.se\/index.php?rest_route=%2Fwp%2Fv2%2Ftags&post=35653"}],"curies":[{"name":"wp","href":"https:\/\/api.w.org\/{rel}","templated":true}]}}