{"id":35665,"date":"2025-04-21T15:49:24","date_gmt":"2025-04-21T14:49:24","guid":{"rendered":"https:\/\/jensgustafsson.se\/?p=35665"},"modified":"2025-04-21T15:49:24","modified_gmt":"2025-04-21T14:49:24","slug":"mandag-annandag-pask-21-april-2025","status":"publish","type":"post","link":"https:\/\/jensgustafsson.se\/?p=35665","title":{"rendered":"M\u00e5ndag (Annandag P\u00e5sk) 21 april 2025."},"content":{"rendered":"\n<p class=\"has-medium-font-size\"><em>En mulen och gr\u00e5 annandag p\u00e5sk fick vi. Tidvis har det kommit n\u00e5gra regndroppar ocks\u00e5, men inget m\u00e4tbart.<\/em><\/p>\n\n\n\n<p class=\"has-medium-font-size\"><em>Den l\u00e4gsta temperaturen blev +7,1 grader, och den h\u00f6gsta blev +10,9 grader. En sm\u00e5kylig dag, och dygnsmedeltemperaturen indikerar v\u00e5rtemperatur idag. <\/em><\/p>\n\n\n\n<p class=\"has-medium-font-size\"><em>Vinden har varit svag, och huvudsakligen nordlig.<\/em><\/p>\n\n\n\n<figure class=\"wp-block-image size-large\"><img loading=\"lazy\" decoding=\"async\" width=\"1024\" height=\"683\" src=\"https:\/\/media1.jensgustafsson.se\/2025\/04\/DSC_2459-1024x683.jpg\" alt=\"\" class=\"wp-image-35667\" srcset=\"https:\/\/media1.jensgustafsson.se\/2025\/04\/DSC_2459-1024x683.jpg 1024w, https:\/\/media1.jensgustafsson.se\/2025\/04\/DSC_2459-300x200.jpg 300w, https:\/\/media1.jensgustafsson.se\/2025\/04\/DSC_2459-768x512.jpg 768w, https:\/\/media1.jensgustafsson.se\/2025\/04\/DSC_2459-1536x1024.jpg 1536w, https:\/\/media1.jensgustafsson.se\/2025\/04\/DSC_2459-2048x1365.jpg 2048w, https:\/\/media1.jensgustafsson.se\/2025\/04\/DSC_2459-450x300.jpg 450w\" sizes=\"auto, (max-width: 1024px) 100vw, 1024px\" \/><figcaption class=\"wp-element-caption\"><strong><em>Vitsippor \u00e4r de allihopa \ud83d\ude42<\/em><\/strong><\/figcaption><\/figure>\n\n\n\n<p class=\"has-medium-font-size\"><em>En sammanfattning fr\u00e5n min v\u00e4derstation, f\u00f6r de senaste 24 timmarna:<\/em><\/p>\n\n\n\n<p class=\"has-medium-font-size\"><strong>20250421 kl. 17.00<br \/>Min. temp: 7,1 \u00b0C<br \/>Max. temp: 10,9 \u00b0C<br \/>Min. lufttryck: 1003,8 hPa<br \/>Max. lufttryck: 1010,1 hPa<br \/>Min.luftfuktigh. 71 %<br \/>Max.luftfuktigh. 85 %<br \/>Domin. vindriktn.: Nordlig<br \/>Maxvind: 3 m\/s.<br \/>Nederb\u00f6rd: 0 mm<br \/>Meteorologisk \u00e5rstid: Sommar<br \/>Kalendarisk \u00e5rstid: V\u00e5rm\u00e5nad 2 av 3<\/strong><\/p>\n\n\n\n<figure class=\"wp-block-image size-large\"><img loading=\"lazy\" decoding=\"async\" width=\"1024\" height=\"463\" src=\"https:\/\/media1.jensgustafsson.se\/2025\/04\/image-43-1024x463.png\" alt=\"\" class=\"wp-image-35669\" srcset=\"https:\/\/media1.jensgustafsson.se\/2025\/04\/image-43-1024x463.png 1024w, https:\/\/media1.jensgustafsson.se\/2025\/04\/image-43-300x136.png 300w, https:\/\/media1.jensgustafsson.se\/2025\/04\/image-43-768x348.png 768w, https:\/\/media1.jensgustafsson.se\/2025\/04\/image-43-1536x695.png 1536w, https:\/\/media1.jensgustafsson.se\/2025\/04\/image-43-500x226.png 500w, https:\/\/media1.jensgustafsson.se\/2025\/04\/image-43.png 1843w\" sizes=\"auto, (max-width: 1024px) 100vw, 1024px\" \/><figcaption class=\"wp-element-caption\"><strong><em>M\u00e5nadens medeltemperatur \u00e4r t.o.m. idag 2,1 grader varmare\u00a0 j\u00e4mf\u00f6rt mot den normala.<\/em><\/strong><\/figcaption><\/figure>\n\n\n\n<figure class=\"wp-block-image size-large\"><img loading=\"lazy\" decoding=\"async\" width=\"1024\" height=\"537\" src=\"https:\/\/media1.jensgustafsson.se\/2025\/04\/image-44-1024x537.png\" alt=\"\" class=\"wp-image-35670\" srcset=\"https:\/\/media1.jensgustafsson.se\/2025\/04\/image-44-1024x537.png 1024w, https:\/\/media1.jensgustafsson.se\/2025\/04\/image-44-300x157.png 300w, https:\/\/media1.jensgustafsson.se\/2025\/04\/image-44-768x403.png 768w, https:\/\/media1.jensgustafsson.se\/2025\/04\/image-44-500x262.png 500w, https:\/\/media1.jensgustafsson.se\/2025\/04\/image-44.png 1485w\" sizes=\"auto, (max-width: 1024px) 100vw, 1024px\" \/><figcaption class=\"wp-element-caption\"><strong><em>M\u00e5nadens nederb\u00f6rd \u00e4r t.o.m. idag 11 % av den normala.<\/em><\/strong><\/figcaption><\/figure>\n","protected":false},"excerpt":{"rendered":"<p>En mulen och gr\u00e5 annandag p\u00e5sk fick vi. Tidvis har det kommit n\u00e5gra regndroppar ocks\u00e5, men inget m\u00e4tbart. Den l\u00e4gsta temperaturen blev +7,1 grader, och den h\u00f6gsta blev +10,9 grader. En sm\u00e5kylig dag, och dygnsmedeltemperaturen indikerar v\u00e5rtemperatur idag. Vinden har &hellip; <a href=\"https:\/\/jensgustafsson.se\/?p=35665\">Forts\u00e4tt l\u00e4sa <span class=\"meta-nav\">&rarr;<\/span><\/a><\/p>\n","protected":false},"author":1,"featured_media":0,"comment_status":"closed","ping_status":"","sticky":false,"template":"","format":"standard","meta":{"footnotes":""},"categories":[10],"tags":[],"class_list":["post-35665","post","type-post","status-publish","format-standard","hentry","category-vaderdagbok-2013"],"_links":{"self":[{"href":"https:\/\/jensgustafsson.se\/index.php?rest_route=\/wp\/v2\/posts\/35665","targetHints":{"allow":["GET"]}}],"collection":[{"href":"https:\/\/jensgustafsson.se\/index.php?rest_route=\/wp\/v2\/posts"}],"about":[{"href":"https:\/\/jensgustafsson.se\/index.php?rest_route=\/wp\/v2\/types\/post"}],"author":[{"embeddable":true,"href":"https:\/\/jensgustafsson.se\/index.php?rest_route=\/wp\/v2\/users\/1"}],"replies":[{"embeddable":true,"href":"https:\/\/jensgustafsson.se\/index.php?rest_route=%2Fwp%2Fv2%2Fcomments&post=35665"}],"version-history":[{"count":3,"href":"https:\/\/jensgustafsson.se\/index.php?rest_route=\/wp\/v2\/posts\/35665\/revisions"}],"predecessor-version":[{"id":35671,"href":"https:\/\/jensgustafsson.se\/index.php?rest_route=\/wp\/v2\/posts\/35665\/revisions\/35671"}],"wp:attachment":[{"href":"https:\/\/jensgustafsson.se\/index.php?rest_route=%2Fwp%2Fv2%2Fmedia&parent=35665"}],"wp:term":[{"taxonomy":"category","embeddable":true,"href":"https:\/\/jensgustafsson.se\/index.php?rest_route=%2Fwp%2Fv2%2Fcategories&post=35665"},{"taxonomy":"post_tag","embeddable":true,"href":"https:\/\/jensgustafsson.se\/index.php?rest_route=%2Fwp%2Fv2%2Ftags&post=35665"}],"curies":[{"name":"wp","href":"https:\/\/api.w.org\/{rel}","templated":true}]}}