{"id":35673,"date":"2025-04-22T16:49:53","date_gmt":"2025-04-22T15:49:53","guid":{"rendered":"https:\/\/jensgustafsson.se\/?p=35673"},"modified":"2025-04-22T16:49:53","modified_gmt":"2025-04-22T15:49:53","slug":"tisdag-22-april-2025","status":"publish","type":"post","link":"https:\/\/jensgustafsson.se\/?p=35673","title":{"rendered":"Tisdag 22 april 2025."},"content":{"rendered":"\n<p class=\"has-medium-font-size\"><em>P\u00e5 morgonen var det mulet och dimma. Dimman och diset h\u00e4ngde kvar n\u00e4stan hela f\u00f6rmiddagen. P\u00e5 eftermiddagen var det lite ljusare och diset drog v\u00e4ck, men molnen dominerade.<\/em><\/p>\n\n\n\n<p class=\"has-medium-font-size\"><em>Den l\u00e4gsta temperaturen blev +5,2 grader, och den h\u00f6gsta blev +15,5 grader.<\/em><\/p>\n\n\n\n<p class=\"has-medium-font-size\"><em>Vinden har varit svag, sydostlig.<\/em><\/p>\n\n\n\n<figure class=\"wp-block-image size-large\"><img loading=\"lazy\" decoding=\"async\" width=\"1024\" height=\"683\" src=\"https:\/\/media1.jensgustafsson.se\/2025\/04\/DSC_2507-1024x683.jpg\" alt=\"\" class=\"wp-image-35674\" srcset=\"https:\/\/media1.jensgustafsson.se\/2025\/04\/DSC_2507-1024x683.jpg 1024w, https:\/\/media1.jensgustafsson.se\/2025\/04\/DSC_2507-300x200.jpg 300w, https:\/\/media1.jensgustafsson.se\/2025\/04\/DSC_2507-768x512.jpg 768w, https:\/\/media1.jensgustafsson.se\/2025\/04\/DSC_2507-1536x1024.jpg 1536w, https:\/\/media1.jensgustafsson.se\/2025\/04\/DSC_2507-2048x1365.jpg 2048w, https:\/\/media1.jensgustafsson.se\/2025\/04\/DSC_2507-450x300.jpg 450w\" sizes=\"auto, (max-width: 1024px) 100vw, 1024px\" \/><figcaption class=\"wp-element-caption\"><strong><em>Bj\u00f6rkl\u00f6vet har kommit ganska l\u00e5ngt p\u00e5 sina st\u00e4llen.<\/em><\/strong><\/figcaption><\/figure>\n\n\n\n<p class=\"has-medium-font-size\"><em>En sammanfattning fr\u00e5n min v\u00e4derstation, f\u00f6r de senaste 24 timmarna:<\/em><\/p>\n\n\n\n<p class=\"has-medium-font-size\"><strong>20250422 kl. 18.00<br \/>Min. temp: 5,2 \u00b0C<br \/>Max. temp: 15,5 \u00b0C<br \/>Min. lufttryck: 1009,8 hPa<br \/>Max. lufttryck: 1012,7 hPa<br \/>Min.luftfuktigh. 63 %<br \/>Max.luftfuktigh. 86 %<br \/>Domin. vindriktn.: Sydostlig<br \/>Maxvind: 3 m\/s.<br \/>Nederb\u00f6rd: 0 mm<br \/>Meteorologisk \u00e5rstid: Sommar<br \/>Kalendarisk \u00e5rstid: V\u00e5rm\u00e5nad 2 av 3<\/strong><\/p>\n\n\n\n<figure class=\"wp-block-image size-large\"><img loading=\"lazy\" decoding=\"async\" width=\"1024\" height=\"463\" src=\"https:\/\/media1.jensgustafsson.se\/2025\/04\/image-45-1024x463.png\" alt=\"\" class=\"wp-image-35676\" srcset=\"https:\/\/media1.jensgustafsson.se\/2025\/04\/image-45-1024x463.png 1024w, https:\/\/media1.jensgustafsson.se\/2025\/04\/image-45-300x136.png 300w, https:\/\/media1.jensgustafsson.se\/2025\/04\/image-45-768x348.png 768w, https:\/\/media1.jensgustafsson.se\/2025\/04\/image-45-1536x695.png 1536w, https:\/\/media1.jensgustafsson.se\/2025\/04\/image-45-500x226.png 500w, https:\/\/media1.jensgustafsson.se\/2025\/04\/image-45.png 1843w\" sizes=\"auto, (max-width: 1024px) 100vw, 1024px\" \/><figcaption class=\"wp-element-caption\"><strong><em>M\u00e5nadens medeltemperatur \u00e4r t.o.m. idag 2,2 grader varmare\u00a0 j\u00e4mf\u00f6rt mot den normala.<\/em><\/strong><\/figcaption><\/figure>\n\n\n\n<figure class=\"wp-block-image size-large\"><img loading=\"lazy\" decoding=\"async\" width=\"1024\" height=\"537\" src=\"https:\/\/media1.jensgustafsson.se\/2025\/04\/image-46-1024x537.png\" alt=\"\" class=\"wp-image-35677\" srcset=\"https:\/\/media1.jensgustafsson.se\/2025\/04\/image-46-1024x537.png 1024w, https:\/\/media1.jensgustafsson.se\/2025\/04\/image-46-300x157.png 300w, https:\/\/media1.jensgustafsson.se\/2025\/04\/image-46-768x403.png 768w, https:\/\/media1.jensgustafsson.se\/2025\/04\/image-46-500x262.png 500w, https:\/\/media1.jensgustafsson.se\/2025\/04\/image-46.png 1485w\" sizes=\"auto, (max-width: 1024px) 100vw, 1024px\" \/><figcaption class=\"wp-element-caption\"><strong><em>M\u00e5nadens nederb\u00f6rd \u00e4r t.o.m. idag 11 % av den normala.<\/em><\/strong><\/figcaption><\/figure>\n\n\n\n<p><\/p>\n","protected":false},"excerpt":{"rendered":"<p>P\u00e5 morgonen var det mulet och dimma. Dimman och diset h\u00e4ngde kvar n\u00e4stan hela f\u00f6rmiddagen. P\u00e5 eftermiddagen var det lite ljusare och diset drog v\u00e4ck, men molnen dominerade. Den l\u00e4gsta temperaturen blev +5,2 grader, och den h\u00f6gsta blev +15,5 grader. &hellip; <a href=\"https:\/\/jensgustafsson.se\/?p=35673\">Forts\u00e4tt l\u00e4sa <span class=\"meta-nav\">&rarr;<\/span><\/a><\/p>\n","protected":false},"author":1,"featured_media":0,"comment_status":"closed","ping_status":"","sticky":false,"template":"","format":"standard","meta":{"footnotes":""},"categories":[10],"tags":[],"class_list":["post-35673","post","type-post","status-publish","format-standard","hentry","category-vaderdagbok-2013"],"_links":{"self":[{"href":"https:\/\/jensgustafsson.se\/index.php?rest_route=\/wp\/v2\/posts\/35673","targetHints":{"allow":["GET"]}}],"collection":[{"href":"https:\/\/jensgustafsson.se\/index.php?rest_route=\/wp\/v2\/posts"}],"about":[{"href":"https:\/\/jensgustafsson.se\/index.php?rest_route=\/wp\/v2\/types\/post"}],"author":[{"embeddable":true,"href":"https:\/\/jensgustafsson.se\/index.php?rest_route=\/wp\/v2\/users\/1"}],"replies":[{"embeddable":true,"href":"https:\/\/jensgustafsson.se\/index.php?rest_route=%2Fwp%2Fv2%2Fcomments&post=35673"}],"version-history":[{"count":2,"href":"https:\/\/jensgustafsson.se\/index.php?rest_route=\/wp\/v2\/posts\/35673\/revisions"}],"predecessor-version":[{"id":35678,"href":"https:\/\/jensgustafsson.se\/index.php?rest_route=\/wp\/v2\/posts\/35673\/revisions\/35678"}],"wp:attachment":[{"href":"https:\/\/jensgustafsson.se\/index.php?rest_route=%2Fwp%2Fv2%2Fmedia&parent=35673"}],"wp:term":[{"taxonomy":"category","embeddable":true,"href":"https:\/\/jensgustafsson.se\/index.php?rest_route=%2Fwp%2Fv2%2Fcategories&post=35673"},{"taxonomy":"post_tag","embeddable":true,"href":"https:\/\/jensgustafsson.se\/index.php?rest_route=%2Fwp%2Fv2%2Ftags&post=35673"}],"curies":[{"name":"wp","href":"https:\/\/api.w.org\/{rel}","templated":true}]}}