{"id":35679,"date":"2025-04-23T17:36:10","date_gmt":"2025-04-23T16:36:10","guid":{"rendered":"https:\/\/jensgustafsson.se\/?p=35679"},"modified":"2025-04-23T17:36:10","modified_gmt":"2025-04-23T16:36:10","slug":"onsdag-23-april-2025","status":"publish","type":"post","link":"https:\/\/jensgustafsson.se\/?p=35679","title":{"rendered":"Onsdag 23 april 2025."},"content":{"rendered":"\n<p class=\"has-medium-font-size\"><em>Lite varierat v\u00e4der idag. P\u00e5 morgonen var det en hel del sol, men efter lunch \u00f6kade molnigheten, och det kom n\u00e5gra om\u00e4tbara regndroppar ocks\u00e5. D\u00e4refter l\u00e4ttade molnen igen, och solen visade sig en hel del.<\/em><\/p>\n\n\n\n<p class=\"has-medium-font-size\"><em>Den l\u00e4gsta temperaturen blev +6,8 grader, och den h\u00f6gsta blev +16,3 grader.<\/em><\/p>\n\n\n\n<p class=\"has-medium-font-size\"><em>Vinden har varit svag till m\u00e5ttlig, mestadels v\u00e4stlig idag.<\/em><\/p>\n\n\n\n<figure class=\"wp-block-image size-large\"><img loading=\"lazy\" decoding=\"async\" width=\"1024\" height=\"683\" src=\"https:\/\/media1.jensgustafsson.se\/2025\/04\/DSC_2513-1024x683.jpg\" alt=\"\" class=\"wp-image-35680\" srcset=\"https:\/\/media1.jensgustafsson.se\/2025\/04\/DSC_2513-1024x683.jpg 1024w, https:\/\/media1.jensgustafsson.se\/2025\/04\/DSC_2513-300x200.jpg 300w, https:\/\/media1.jensgustafsson.se\/2025\/04\/DSC_2513-768x512.jpg 768w, https:\/\/media1.jensgustafsson.se\/2025\/04\/DSC_2513-1536x1024.jpg 1536w, https:\/\/media1.jensgustafsson.se\/2025\/04\/DSC_2513-2048x1365.jpg 2048w, https:\/\/media1.jensgustafsson.se\/2025\/04\/DSC_2513-450x300.jpg 450w\" sizes=\"auto, (max-width: 1024px) 100vw, 1024px\" \/><figcaption class=\"wp-element-caption\"><strong><em>En storskrake (\u00c5lakr\u00e5ka) <\/em><\/strong><\/figcaption><\/figure>\n\n\n\n<p class=\"has-medium-font-size\"><em>En sammanfattning fr\u00e5n min v\u00e4derstation, f\u00f6r de senaste 24 timmarna:<\/em><\/p>\n\n\n\n<p class=\"has-medium-font-size\"><strong>20250423 kl. 18.30<br \/>Min. temp: 6,8 \u00b0C<br \/>Max. temp: 16,3 \u00b0C<br \/>Min. lufttryck: 1011,8 hPa<br \/>Max. lufttryck: 1013,6 hPa<br \/>Min.luftfuktigh. 47 %<br \/>Max.luftfuktigh. 84 %<br \/>Domin. vindriktn.: V\u00e4stlig<br \/>Maxvind: 6 m\/s.<br \/>Nederb\u00f6rd: 0 mm<br \/>Meteorologisk \u00e5rstid: Sommar<br \/>Kalendarisk \u00e5rstid: V\u00e5rm\u00e5nad 2 av 3<\/strong><\/p>\n\n\n\n<figure class=\"wp-block-image size-large\"><img loading=\"lazy\" decoding=\"async\" width=\"1024\" height=\"463\" src=\"https:\/\/media1.jensgustafsson.se\/2025\/04\/image-47-1024x463.png\" alt=\"\" class=\"wp-image-35684\" srcset=\"https:\/\/media1.jensgustafsson.se\/2025\/04\/image-47-1024x463.png 1024w, https:\/\/media1.jensgustafsson.se\/2025\/04\/image-47-300x136.png 300w, https:\/\/media1.jensgustafsson.se\/2025\/04\/image-47-768x348.png 768w, https:\/\/media1.jensgustafsson.se\/2025\/04\/image-47-1536x695.png 1536w, https:\/\/media1.jensgustafsson.se\/2025\/04\/image-47-500x226.png 500w, https:\/\/media1.jensgustafsson.se\/2025\/04\/image-47.png 1843w\" sizes=\"auto, (max-width: 1024px) 100vw, 1024px\" \/><figcaption class=\"wp-element-caption\"><strong><em>M\u00e5nadens medeltemperatur \u00e4r t.o.m. idag 2,3 grader varmare\u00a0 j\u00e4mf\u00f6rt mot den normala.<\/em><\/strong><\/figcaption><\/figure>\n\n\n\n<figure class=\"wp-block-image size-large\"><img loading=\"lazy\" decoding=\"async\" width=\"1024\" height=\"537\" src=\"https:\/\/media1.jensgustafsson.se\/2025\/04\/image-48-1024x537.png\" alt=\"\" class=\"wp-image-35685\" srcset=\"https:\/\/media1.jensgustafsson.se\/2025\/04\/image-48-1024x537.png 1024w, https:\/\/media1.jensgustafsson.se\/2025\/04\/image-48-300x157.png 300w, https:\/\/media1.jensgustafsson.se\/2025\/04\/image-48-768x403.png 768w, https:\/\/media1.jensgustafsson.se\/2025\/04\/image-48-500x262.png 500w, https:\/\/media1.jensgustafsson.se\/2025\/04\/image-48.png 1485w\" sizes=\"auto, (max-width: 1024px) 100vw, 1024px\" \/><figcaption class=\"wp-element-caption\"><strong><em>M\u00e5nadens nederb\u00f6rd \u00e4r t.o.m. idag 11 % av den normala.<\/em><\/strong><\/figcaption><\/figure>\n","protected":false},"excerpt":{"rendered":"<p>Lite varierat v\u00e4der idag. P\u00e5 morgonen var det en hel del sol, men efter lunch \u00f6kade molnigheten, och det kom n\u00e5gra om\u00e4tbara regndroppar ocks\u00e5. D\u00e4refter l\u00e4ttade molnen igen, och solen visade sig en hel del. Den l\u00e4gsta temperaturen blev +6,8 &hellip; <a href=\"https:\/\/jensgustafsson.se\/?p=35679\">Forts\u00e4tt l\u00e4sa <span class=\"meta-nav\">&rarr;<\/span><\/a><\/p>\n","protected":false},"author":1,"featured_media":0,"comment_status":"closed","ping_status":"","sticky":false,"template":"","format":"standard","meta":{"footnotes":""},"categories":[10],"tags":[],"class_list":["post-35679","post","type-post","status-publish","format-standard","hentry","category-vaderdagbok-2013"],"_links":{"self":[{"href":"https:\/\/jensgustafsson.se\/index.php?rest_route=\/wp\/v2\/posts\/35679","targetHints":{"allow":["GET"]}}],"collection":[{"href":"https:\/\/jensgustafsson.se\/index.php?rest_route=\/wp\/v2\/posts"}],"about":[{"href":"https:\/\/jensgustafsson.se\/index.php?rest_route=\/wp\/v2\/types\/post"}],"author":[{"embeddable":true,"href":"https:\/\/jensgustafsson.se\/index.php?rest_route=\/wp\/v2\/users\/1"}],"replies":[{"embeddable":true,"href":"https:\/\/jensgustafsson.se\/index.php?rest_route=%2Fwp%2Fv2%2Fcomments&post=35679"}],"version-history":[{"count":4,"href":"https:\/\/jensgustafsson.se\/index.php?rest_route=\/wp\/v2\/posts\/35679\/revisions"}],"predecessor-version":[{"id":35686,"href":"https:\/\/jensgustafsson.se\/index.php?rest_route=\/wp\/v2\/posts\/35679\/revisions\/35686"}],"wp:attachment":[{"href":"https:\/\/jensgustafsson.se\/index.php?rest_route=%2Fwp%2Fv2%2Fmedia&parent=35679"}],"wp:term":[{"taxonomy":"category","embeddable":true,"href":"https:\/\/jensgustafsson.se\/index.php?rest_route=%2Fwp%2Fv2%2Fcategories&post=35679"},{"taxonomy":"post_tag","embeddable":true,"href":"https:\/\/jensgustafsson.se\/index.php?rest_route=%2Fwp%2Fv2%2Ftags&post=35679"}],"curies":[{"name":"wp","href":"https:\/\/api.w.org\/{rel}","templated":true}]}}