{"id":35687,"date":"2025-04-24T17:48:52","date_gmt":"2025-04-24T16:48:52","guid":{"rendered":"https:\/\/jensgustafsson.se\/?p=35687"},"modified":"2025-04-24T17:48:52","modified_gmt":"2025-04-24T16:48:52","slug":"torsdag-24-april-2025","status":"publish","type":"post","link":"https:\/\/jensgustafsson.se\/?p=35687","title":{"rendered":"Torsdag 24 april 2025."},"content":{"rendered":"\n<p class=\"has-medium-font-size\"><em>P\u00e5 morgonen och f\u00f6rmiddagen var det mulet med tidvis l\u00e4tt regn. Fram mot lunch slutade det regna, och molnt\u00e4cket sprack upp. P\u00e5 eftermiddagen har vi haft sol fr\u00e5n klarbl\u00e5 himmel.<\/em><\/p>\n\n\n\n<p class=\"has-medium-font-size\"><em>Den l\u00e4gsta temperaturen blev +5,1 grader, och den h\u00f6gsta blev +10,7 grader. <\/em><\/p>\n\n\n\n<p class=\"has-medium-font-size\"><em>Vinden har varit svag till m\u00e5ttlig, nordostlig idag.<\/em><\/p>\n\n\n\n<figure class=\"wp-block-image size-large\"><img loading=\"lazy\" decoding=\"async\" width=\"1024\" height=\"683\" src=\"https:\/\/media1.jensgustafsson.se\/2025\/04\/DSC_2582-1024x683.jpg\" alt=\"\" class=\"wp-image-35691\" srcset=\"https:\/\/media1.jensgustafsson.se\/2025\/04\/DSC_2582-1024x683.jpg 1024w, https:\/\/media1.jensgustafsson.se\/2025\/04\/DSC_2582-300x200.jpg 300w, https:\/\/media1.jensgustafsson.se\/2025\/04\/DSC_2582-768x512.jpg 768w, https:\/\/media1.jensgustafsson.se\/2025\/04\/DSC_2582-1536x1024.jpg 1536w, https:\/\/media1.jensgustafsson.se\/2025\/04\/DSC_2582-2048x1365.jpg 2048w, https:\/\/media1.jensgustafsson.se\/2025\/04\/DSC_2582-450x300.jpg 450w\" sizes=\"auto, (max-width: 1024px) 100vw, 1024px\" \/><figcaption class=\"wp-element-caption\"><strong><em>Cykeltur i det fina v\u00e4dret<\/em><\/strong><\/figcaption><\/figure>\n\n\n\n<p class=\"has-medium-font-size\"><em>En sammanfattning fr\u00e5n min v\u00e4derstation, f\u00f6r de senaste 24 timmarna:<\/em><\/p>\n\n\n\n<p class=\"has-medium-font-size\"><strong>20250424 kl. 18.30<br \/>Min. temp: 5,1 \u00b0C<br \/>Max. temp: 10,7 \u00b0C<br \/>Min. lufttryck: 1012,9 hPa<br \/>Max. lufttryck: 1018 hPa<br \/>Min.luftfuktigh. 39 %<br \/>Max.luftfuktigh. 86 %<br \/>Domin. vindriktn.: Nordostlig<br \/>Maxvind: 6 m\/s.<br \/>Nederb\u00f6rd: 1 mm<br \/>Meteorologisk \u00e5rstid: Sommar<br \/>Kalendarisk \u00e5rstid: V\u00e5rm\u00e5nad 2 av 3<\/strong><\/p>\n\n\n\n<figure class=\"wp-block-image size-large\"><img loading=\"lazy\" decoding=\"async\" width=\"1024\" height=\"463\" src=\"https:\/\/media1.jensgustafsson.se\/2025\/04\/image-49-1024x463.png\" alt=\"\" class=\"wp-image-35688\" srcset=\"https:\/\/media1.jensgustafsson.se\/2025\/04\/image-49-1024x463.png 1024w, https:\/\/media1.jensgustafsson.se\/2025\/04\/image-49-300x136.png 300w, https:\/\/media1.jensgustafsson.se\/2025\/04\/image-49-768x348.png 768w, https:\/\/media1.jensgustafsson.se\/2025\/04\/image-49-1536x695.png 1536w, https:\/\/media1.jensgustafsson.se\/2025\/04\/image-49-500x226.png 500w, https:\/\/media1.jensgustafsson.se\/2025\/04\/image-49.png 1843w\" sizes=\"auto, (max-width: 1024px) 100vw, 1024px\" \/><figcaption class=\"wp-element-caption\"><strong><em>M\u00e5nadens medeltemperatur \u00e4r t.o.m. idag 2,3 grader varmare&nbsp; j\u00e4mf\u00f6rt mot den normala.<\/em><\/strong><\/figcaption><\/figure>\n\n\n\n<figure class=\"wp-block-image size-large\"><img loading=\"lazy\" decoding=\"async\" width=\"1024\" height=\"537\" src=\"https:\/\/media1.jensgustafsson.se\/2025\/04\/image-50-1024x537.png\" alt=\"\" class=\"wp-image-35689\" srcset=\"https:\/\/media1.jensgustafsson.se\/2025\/04\/image-50-1024x537.png 1024w, https:\/\/media1.jensgustafsson.se\/2025\/04\/image-50-300x157.png 300w, https:\/\/media1.jensgustafsson.se\/2025\/04\/image-50-768x403.png 768w, https:\/\/media1.jensgustafsson.se\/2025\/04\/image-50-500x262.png 500w, https:\/\/media1.jensgustafsson.se\/2025\/04\/image-50.png 1485w\" sizes=\"auto, (max-width: 1024px) 100vw, 1024px\" \/><figcaption class=\"wp-element-caption\"><strong><em>M\u00e5nadens nederb\u00f6rd \u00e4r t.o.m. idag 14 % av den normala.<\/em><\/strong><\/figcaption><\/figure>\n","protected":false},"excerpt":{"rendered":"<p>P\u00e5 morgonen och f\u00f6rmiddagen var det mulet med tidvis l\u00e4tt regn. Fram mot lunch slutade det regna, och molnt\u00e4cket sprack upp. P\u00e5 eftermiddagen har vi haft sol fr\u00e5n klarbl\u00e5 himmel. Den l\u00e4gsta temperaturen blev +5,1 grader, och den h\u00f6gsta blev &hellip; <a href=\"https:\/\/jensgustafsson.se\/?p=35687\">Forts\u00e4tt l\u00e4sa <span class=\"meta-nav\">&rarr;<\/span><\/a><\/p>\n","protected":false},"author":1,"featured_media":0,"comment_status":"closed","ping_status":"","sticky":false,"template":"","format":"standard","meta":{"footnotes":""},"categories":[10],"tags":[],"class_list":["post-35687","post","type-post","status-publish","format-standard","hentry","category-vaderdagbok-2013"],"_links":{"self":[{"href":"https:\/\/jensgustafsson.se\/index.php?rest_route=\/wp\/v2\/posts\/35687","targetHints":{"allow":["GET"]}}],"collection":[{"href":"https:\/\/jensgustafsson.se\/index.php?rest_route=\/wp\/v2\/posts"}],"about":[{"href":"https:\/\/jensgustafsson.se\/index.php?rest_route=\/wp\/v2\/types\/post"}],"author":[{"embeddable":true,"href":"https:\/\/jensgustafsson.se\/index.php?rest_route=\/wp\/v2\/users\/1"}],"replies":[{"embeddable":true,"href":"https:\/\/jensgustafsson.se\/index.php?rest_route=%2Fwp%2Fv2%2Fcomments&post=35687"}],"version-history":[{"count":2,"href":"https:\/\/jensgustafsson.se\/index.php?rest_route=\/wp\/v2\/posts\/35687\/revisions"}],"predecessor-version":[{"id":35692,"href":"https:\/\/jensgustafsson.se\/index.php?rest_route=\/wp\/v2\/posts\/35687\/revisions\/35692"}],"wp:attachment":[{"href":"https:\/\/jensgustafsson.se\/index.php?rest_route=%2Fwp%2Fv2%2Fmedia&parent=35687"}],"wp:term":[{"taxonomy":"category","embeddable":true,"href":"https:\/\/jensgustafsson.se\/index.php?rest_route=%2Fwp%2Fv2%2Fcategories&post=35687"},{"taxonomy":"post_tag","embeddable":true,"href":"https:\/\/jensgustafsson.se\/index.php?rest_route=%2Fwp%2Fv2%2Ftags&post=35687"}],"curies":[{"name":"wp","href":"https:\/\/api.w.org\/{rel}","templated":true}]}}