{"id":35693,"date":"2025-04-25T18:49:46","date_gmt":"2025-04-25T17:49:46","guid":{"rendered":"https:\/\/jensgustafsson.se\/?p=35693"},"modified":"2025-04-25T18:49:46","modified_gmt":"2025-04-25T17:49:46","slug":"fredag-25-april-2025","status":"publish","type":"post","link":"https:\/\/jensgustafsson.se\/?p=35693","title":{"rendered":"Fredag 25 april 2025."},"content":{"rendered":"\n<p class=\"has-medium-font-size\"><em>En kylig natt med bara ett par plusgrader. P\u00e5 morgonen var det molnigt, men fram p\u00e5 dagen l\u00e4ttade molnen, och d\u00e4refter v\u00e4xlande molnighet. Under senare delen av eftermiddagen var det helt molnfri himmel.<\/em><\/p>\n\n\n\n<p class=\"has-medium-font-size\"><em>Den l\u00e4gsta temperaturen blev +2,5 grader, och den h\u00f6gsta blev +12,3 grader. <\/em><\/p>\n\n\n\n<p class=\"has-medium-font-size\"><em>Vinden har varit svag till m\u00e5ttlig, nordostlig. I vinden har det varit kyligt idag, bara njutbart i solen, och vindskyddade omr\u00e5den.<\/em><\/p>\n\n\n\n<figure class=\"wp-block-image size-large\"><img loading=\"lazy\" decoding=\"async\" width=\"1024\" height=\"613\" src=\"https:\/\/media1.jensgustafsson.se\/2025\/04\/25-april-2025-1-1024x613.jpg\" alt=\"\" class=\"wp-image-35697\" srcset=\"https:\/\/media1.jensgustafsson.se\/2025\/04\/25-april-2025-1-1024x613.jpg 1024w, https:\/\/media1.jensgustafsson.se\/2025\/04\/25-april-2025-1-300x180.jpg 300w, https:\/\/media1.jensgustafsson.se\/2025\/04\/25-april-2025-1-768x460.jpg 768w, https:\/\/media1.jensgustafsson.se\/2025\/04\/25-april-2025-1-1536x920.jpg 1536w, https:\/\/media1.jensgustafsson.se\/2025\/04\/25-april-2025-1-500x300.jpg 500w, https:\/\/media1.jensgustafsson.se\/2025\/04\/25-april-2025-1.jpg 1807w\" sizes=\"auto, (max-width: 1024px) 100vw, 1024px\" \/><figcaption class=\"wp-element-caption\"><strong><em>Vid F\u00f6rsj\u00f6n utanf\u00f6r Bockara i eftermiddag.<\/em><\/strong><\/figcaption><\/figure>\n\n\n\n<p class=\"has-medium-font-size\"><em>En sammanfattning fr\u00e5n min v\u00e4derstation, f\u00f6r de senaste 24 timmarna:<\/em><\/p>\n\n\n\n<p class=\"has-medium-font-size\"><strong>20250425 kl. 19.30<br \/>Min. temp: 2,5 \u00b0C<br \/>Max. temp: 12,3 \u00b0C<br \/>Min. lufttryck: 1016,9 hPa<br \/>Max. lufttryck: 1021,3 hPa<br \/>Min.luftfuktigh. 40 %<br \/>Max.luftfuktigh. 72 %<br \/>Domin. vindriktn.: Nordostlig<br \/>Maxvind: 5 m\/s.<br \/>Nederb\u00f6rd: 0 mm<br \/>Meteorologisk \u00e5rstid: Sommar<br \/>Kalendarisk \u00e5rstid: V\u00e5rm\u00e5nad 2 av 3<\/strong><\/p>\n\n\n\n<figure class=\"wp-block-image size-large\"><img loading=\"lazy\" decoding=\"async\" width=\"1024\" height=\"463\" src=\"https:\/\/media1.jensgustafsson.se\/2025\/04\/image-51-1024x463.png\" alt=\"\" class=\"wp-image-35694\" srcset=\"https:\/\/media1.jensgustafsson.se\/2025\/04\/image-51-1024x463.png 1024w, https:\/\/media1.jensgustafsson.se\/2025\/04\/image-51-300x136.png 300w, https:\/\/media1.jensgustafsson.se\/2025\/04\/image-51-768x348.png 768w, https:\/\/media1.jensgustafsson.se\/2025\/04\/image-51-1536x695.png 1536w, https:\/\/media1.jensgustafsson.se\/2025\/04\/image-51-500x226.png 500w, https:\/\/media1.jensgustafsson.se\/2025\/04\/image-51.png 1843w\" sizes=\"auto, (max-width: 1024px) 100vw, 1024px\" \/><figcaption class=\"wp-element-caption\"><strong><em>M\u00e5nadens medeltemperatur \u00e4r t.o.m. idag 2,2 grader varmare&nbsp; j\u00e4mf\u00f6rt mot den normala.<\/em><\/strong><\/figcaption><\/figure>\n\n\n\n<figure class=\"wp-block-image size-large\"><img loading=\"lazy\" decoding=\"async\" width=\"1024\" height=\"537\" src=\"https:\/\/media1.jensgustafsson.se\/2025\/04\/image-52-1024x537.png\" alt=\"\" class=\"wp-image-35695\" srcset=\"https:\/\/media1.jensgustafsson.se\/2025\/04\/image-52-1024x537.png 1024w, https:\/\/media1.jensgustafsson.se\/2025\/04\/image-52-300x157.png 300w, https:\/\/media1.jensgustafsson.se\/2025\/04\/image-52-768x403.png 768w, https:\/\/media1.jensgustafsson.se\/2025\/04\/image-52-500x262.png 500w, https:\/\/media1.jensgustafsson.se\/2025\/04\/image-52.png 1485w\" sizes=\"auto, (max-width: 1024px) 100vw, 1024px\" \/><figcaption class=\"wp-element-caption\"><strong><em>M\u00e5nadens nederb\u00f6rd \u00e4r t.o.m. idag 14 % av den normala.<\/em><\/strong><\/figcaption><\/figure>\n","protected":false},"excerpt":{"rendered":"<p>En kylig natt med bara ett par plusgrader. P\u00e5 morgonen var det molnigt, men fram p\u00e5 dagen l\u00e4ttade molnen, och d\u00e4refter v\u00e4xlande molnighet. Under senare delen av eftermiddagen var det helt molnfri himmel. Den l\u00e4gsta temperaturen blev +2,5 grader, och &hellip; <a href=\"https:\/\/jensgustafsson.se\/?p=35693\">Forts\u00e4tt l\u00e4sa <span class=\"meta-nav\">&rarr;<\/span><\/a><\/p>\n","protected":false},"author":1,"featured_media":0,"comment_status":"closed","ping_status":"","sticky":false,"template":"","format":"standard","meta":{"footnotes":""},"categories":[10],"tags":[],"class_list":["post-35693","post","type-post","status-publish","format-standard","hentry","category-vaderdagbok-2013"],"_links":{"self":[{"href":"https:\/\/jensgustafsson.se\/index.php?rest_route=\/wp\/v2\/posts\/35693","targetHints":{"allow":["GET"]}}],"collection":[{"href":"https:\/\/jensgustafsson.se\/index.php?rest_route=\/wp\/v2\/posts"}],"about":[{"href":"https:\/\/jensgustafsson.se\/index.php?rest_route=\/wp\/v2\/types\/post"}],"author":[{"embeddable":true,"href":"https:\/\/jensgustafsson.se\/index.php?rest_route=\/wp\/v2\/users\/1"}],"replies":[{"embeddable":true,"href":"https:\/\/jensgustafsson.se\/index.php?rest_route=%2Fwp%2Fv2%2Fcomments&post=35693"}],"version-history":[{"count":3,"href":"https:\/\/jensgustafsson.se\/index.php?rest_route=\/wp\/v2\/posts\/35693\/revisions"}],"predecessor-version":[{"id":35699,"href":"https:\/\/jensgustafsson.se\/index.php?rest_route=\/wp\/v2\/posts\/35693\/revisions\/35699"}],"wp:attachment":[{"href":"https:\/\/jensgustafsson.se\/index.php?rest_route=%2Fwp%2Fv2%2Fmedia&parent=35693"}],"wp:term":[{"taxonomy":"category","embeddable":true,"href":"https:\/\/jensgustafsson.se\/index.php?rest_route=%2Fwp%2Fv2%2Fcategories&post=35693"},{"taxonomy":"post_tag","embeddable":true,"href":"https:\/\/jensgustafsson.se\/index.php?rest_route=%2Fwp%2Fv2%2Ftags&post=35693"}],"curies":[{"name":"wp","href":"https:\/\/api.w.org\/{rel}","templated":true}]}}