{"id":35700,"date":"2025-04-26T16:53:43","date_gmt":"2025-04-26T15:53:43","guid":{"rendered":"https:\/\/jensgustafsson.se\/?p=35700"},"modified":"2025-04-26T16:53:43","modified_gmt":"2025-04-26T15:53:43","slug":"lordag-26-april-2025","status":"publish","type":"post","link":"https:\/\/jensgustafsson.se\/?p=35700","title":{"rendered":"L\u00f6rdag 26 april 2025."},"content":{"rendered":"\n<p class=\"has-medium-font-size\"><em>En klar natt med minusgrader blev det. P\u00e5 morgonen drog det upp lite moln, och f\u00f6rmiddagen dominerades av v\u00e4xlande molnighet, med mest inslag av sol. Under eftermiddagen, s\u00e5 har det. precis som ig\u00e5r, klarnat upp allt mera, och nu \u00e4r det helt molnfri himmel. Troligtvis g\u00e5r vi mot en natt med minusgrader igen.<\/em><\/p>\n\n\n\n<p class=\"has-medium-font-size\"><em>Den l\u00e4gsta temperaturen blev -1,1 grader, och den h\u00f6gsta blev +14,1 grader.<\/em><\/p>\n\n\n\n<p class=\"has-medium-font-size\"><em>Vinden har varit svag till m\u00e5ttlig. Vindriktningen har v\u00e4xlat mellan sydv\u00e4st, nordv\u00e4st, nordost och sydost.<\/em><\/p>\n\n\n\n<figure class=\"wp-block-image size-large\"><img loading=\"lazy\" decoding=\"async\" width=\"1024\" height=\"750\" src=\"https:\/\/media1.jensgustafsson.se\/2025\/04\/DSC_2626-1024x750.jpg\" alt=\"\" class=\"wp-image-35704\" srcset=\"https:\/\/media1.jensgustafsson.se\/2025\/04\/DSC_2626-1024x750.jpg 1024w, https:\/\/media1.jensgustafsson.se\/2025\/04\/DSC_2626-300x220.jpg 300w, https:\/\/media1.jensgustafsson.se\/2025\/04\/DSC_2626-768x563.jpg 768w, https:\/\/media1.jensgustafsson.se\/2025\/04\/DSC_2626-1536x1125.jpg 1536w, https:\/\/media1.jensgustafsson.se\/2025\/04\/DSC_2626-2048x1500.jpg 2048w, https:\/\/media1.jensgustafsson.se\/2025\/04\/DSC_2626-410x300.jpg 410w\" sizes=\"auto, (max-width: 1024px) 100vw, 1024px\" \/><figcaption class=\"wp-element-caption\"><strong><em>Citronfj\u00e4rilen sitter och v\u00e4rmer sig.<\/em><\/strong><\/figcaption><\/figure>\n\n\n\n<p class=\"has-medium-font-size\"><em>En sammanfattning fr\u00e5n min v\u00e4derstation, f\u00f6r de senaste 24 timmarna:<\/em><\/p>\n\n\n\n<p class=\"has-medium-font-size\"><strong>20250426 kl. 17.30<br \/>Min. temp: -1,1 \u00b0C<br \/>Max. temp: 14,1 \u00b0C<br \/>Min. lufttryck: 1021,2 hPa<br \/>Max. lufttryck: 1024,5 hPa<br \/>Min.luftfuktigh. 35 %<br \/>Max.luftfuktigh. 75 %<br \/>Domin. vindriktn.: V\u00e4xlande<br \/>Maxvind: 6 m\/s.<br \/>Nederb\u00f6rd: 0 mm<br \/>Meteorologisk \u00e5rstid: Sommar<br \/>Kalendarisk \u00e5rstid: V\u00e5rm\u00e5nad 2 av 3<\/strong><\/p>\n\n\n\n<figure class=\"wp-block-image size-large\"><img loading=\"lazy\" decoding=\"async\" width=\"1024\" height=\"463\" src=\"https:\/\/media1.jensgustafsson.se\/2025\/04\/image-53-1024x463.png\" alt=\"\" class=\"wp-image-35701\" srcset=\"https:\/\/media1.jensgustafsson.se\/2025\/04\/image-53-1024x463.png 1024w, https:\/\/media1.jensgustafsson.se\/2025\/04\/image-53-300x136.png 300w, https:\/\/media1.jensgustafsson.se\/2025\/04\/image-53-768x348.png 768w, https:\/\/media1.jensgustafsson.se\/2025\/04\/image-53-1536x695.png 1536w, https:\/\/media1.jensgustafsson.se\/2025\/04\/image-53-500x226.png 500w, https:\/\/media1.jensgustafsson.se\/2025\/04\/image-53.png 1843w\" sizes=\"auto, (max-width: 1024px) 100vw, 1024px\" \/><figcaption class=\"wp-element-caption\"><strong><em>M\u00e5nadens medeltemperatur \u00e4r t.o.m. idag 2,1 grader varmare&nbsp; j\u00e4mf\u00f6rt mot den normala.<\/em><\/strong><\/figcaption><\/figure>\n\n\n\n<figure class=\"wp-block-image size-large\"><img loading=\"lazy\" decoding=\"async\" width=\"1024\" height=\"537\" src=\"https:\/\/media1.jensgustafsson.se\/2025\/04\/image-54-1024x537.png\" alt=\"\" class=\"wp-image-35702\" srcset=\"https:\/\/media1.jensgustafsson.se\/2025\/04\/image-54-1024x537.png 1024w, https:\/\/media1.jensgustafsson.se\/2025\/04\/image-54-300x157.png 300w, https:\/\/media1.jensgustafsson.se\/2025\/04\/image-54-768x403.png 768w, https:\/\/media1.jensgustafsson.se\/2025\/04\/image-54-500x262.png 500w, https:\/\/media1.jensgustafsson.se\/2025\/04\/image-54.png 1485w\" sizes=\"auto, (max-width: 1024px) 100vw, 1024px\" \/><figcaption class=\"wp-element-caption\"><strong><em>M\u00e5nadens nederb\u00f6rd \u00e4r t.o.m. idag 14 % av den normala.<\/em><\/strong><\/figcaption><\/figure>\n\n\n\n<p><\/p>\n","protected":false},"excerpt":{"rendered":"<p>En klar natt med minusgrader blev det. P\u00e5 morgonen drog det upp lite moln, och f\u00f6rmiddagen dominerades av v\u00e4xlande molnighet, med mest inslag av sol. Under eftermiddagen, s\u00e5 har det. precis som ig\u00e5r, klarnat upp allt mera, och nu \u00e4r &hellip; <a href=\"https:\/\/jensgustafsson.se\/?p=35700\">Forts\u00e4tt l\u00e4sa <span class=\"meta-nav\">&rarr;<\/span><\/a><\/p>\n","protected":false},"author":1,"featured_media":0,"comment_status":"closed","ping_status":"","sticky":false,"template":"","format":"standard","meta":{"footnotes":""},"categories":[10],"tags":[],"class_list":["post-35700","post","type-post","status-publish","format-standard","hentry","category-vaderdagbok-2013"],"_links":{"self":[{"href":"https:\/\/jensgustafsson.se\/index.php?rest_route=\/wp\/v2\/posts\/35700","targetHints":{"allow":["GET"]}}],"collection":[{"href":"https:\/\/jensgustafsson.se\/index.php?rest_route=\/wp\/v2\/posts"}],"about":[{"href":"https:\/\/jensgustafsson.se\/index.php?rest_route=\/wp\/v2\/types\/post"}],"author":[{"embeddable":true,"href":"https:\/\/jensgustafsson.se\/index.php?rest_route=\/wp\/v2\/users\/1"}],"replies":[{"embeddable":true,"href":"https:\/\/jensgustafsson.se\/index.php?rest_route=%2Fwp%2Fv2%2Fcomments&post=35700"}],"version-history":[{"count":3,"href":"https:\/\/jensgustafsson.se\/index.php?rest_route=\/wp\/v2\/posts\/35700\/revisions"}],"predecessor-version":[{"id":35706,"href":"https:\/\/jensgustafsson.se\/index.php?rest_route=\/wp\/v2\/posts\/35700\/revisions\/35706"}],"wp:attachment":[{"href":"https:\/\/jensgustafsson.se\/index.php?rest_route=%2Fwp%2Fv2%2Fmedia&parent=35700"}],"wp:term":[{"taxonomy":"category","embeddable":true,"href":"https:\/\/jensgustafsson.se\/index.php?rest_route=%2Fwp%2Fv2%2Fcategories&post=35700"},{"taxonomy":"post_tag","embeddable":true,"href":"https:\/\/jensgustafsson.se\/index.php?rest_route=%2Fwp%2Fv2%2Ftags&post=35700"}],"curies":[{"name":"wp","href":"https:\/\/api.w.org\/{rel}","templated":true}]}}