{"id":35711,"date":"2025-04-27T17:17:59","date_gmt":"2025-04-27T16:17:59","guid":{"rendered":"https:\/\/jensgustafsson.se\/?p=35711"},"modified":"2025-04-27T17:17:59","modified_gmt":"2025-04-27T16:17:59","slug":"sondag-27-april-2025","status":"publish","type":"post","link":"https:\/\/jensgustafsson.se\/?p=35711","title":{"rendered":"S\u00f6ndag 27 april 2025."},"content":{"rendered":"\n<p class=\"has-medium-font-size\"><em>En klar och kylig natt med frost. P\u00e5 dagen har vi haft v\u00e4xlande molnighet, med mera inslag av moln \u00e4n vi haft de senaste dagarna. Nu mot kv\u00e4llen s\u00e5 har det b\u00f6rjat klarna upp.<\/em><\/p>\n\n\n\n<p class=\"has-medium-font-size\"><em>Den l\u00e4gsta temperaturen blev -2,6 grader, och den h\u00f6gsta blev +17,1 grader.<\/em><\/p>\n\n\n\n<p class=\"has-medium-font-size\"><em>Vinden har varit m\u00e5ttlig, lite byig, omkring sydv\u00e4st.<\/em><\/p>\n\n\n\n<figure class=\"wp-block-image size-large\"><img loading=\"lazy\" decoding=\"async\" width=\"1024\" height=\"683\" src=\"https:\/\/media1.jensgustafsson.se\/2025\/04\/DSC_2681-1024x683.jpg\" alt=\"\" class=\"wp-image-35713\" srcset=\"https:\/\/media1.jensgustafsson.se\/2025\/04\/DSC_2681-1024x683.jpg 1024w, https:\/\/media1.jensgustafsson.se\/2025\/04\/DSC_2681-300x200.jpg 300w, https:\/\/media1.jensgustafsson.se\/2025\/04\/DSC_2681-768x512.jpg 768w, https:\/\/media1.jensgustafsson.se\/2025\/04\/DSC_2681-1536x1024.jpg 1536w, https:\/\/media1.jensgustafsson.se\/2025\/04\/DSC_2681-2048x1365.jpg 2048w, https:\/\/media1.jensgustafsson.se\/2025\/04\/DSC_2681-450x300.jpg 450w\" sizes=\"auto, (max-width: 1024px) 100vw, 1024px\" \/><figcaption class=\"wp-element-caption\"><strong><em>Vid Vecklevad i eftermiddag. Bed\u00f6vande vackert med alla vitsippor.<\/em><\/strong><\/figcaption><\/figure>\n\n\n\n<p class=\"has-medium-font-size\"><em>En sammanfattning fr\u00e5n min v\u00e4derstation, f\u00f6r de senaste 24 timmarna:<\/em><\/p>\n\n\n\n<p class=\"has-medium-font-size\"><strong>20250427 kl. 18.00<br \/>Min. temp: -2,6 \u00b0C<br \/>Max. temp: 17,1 \u00b0C<br \/>Min. lufttryck: 1022,5 hPa<br \/>Max. lufttryck: 1026,3 hPa<br \/>Min.luftfuktigh. 36 %<br \/>Max.luftfuktigh. 76 %<br \/>Domin. vindriktn.: Sydv\u00e4stlig<br \/>Maxvind: 8 m\/s.<br \/>Nederb\u00f6rd: 0 mm<br \/>Meteorologisk \u00e5rstid: Sommar<br \/>Kalendarisk \u00e5rstid: V\u00e5rm\u00e5nad 2 av 3<\/strong><\/p>\n\n\n\n<figure class=\"wp-block-image size-large\"><img loading=\"lazy\" decoding=\"async\" width=\"1024\" height=\"463\" src=\"https:\/\/media1.jensgustafsson.se\/2025\/04\/image-55-1024x463.png\" alt=\"\" class=\"wp-image-35715\" srcset=\"https:\/\/media1.jensgustafsson.se\/2025\/04\/image-55-1024x463.png 1024w, https:\/\/media1.jensgustafsson.se\/2025\/04\/image-55-300x136.png 300w, https:\/\/media1.jensgustafsson.se\/2025\/04\/image-55-768x348.png 768w, https:\/\/media1.jensgustafsson.se\/2025\/04\/image-55-1536x695.png 1536w, https:\/\/media1.jensgustafsson.se\/2025\/04\/image-55-500x226.png 500w, https:\/\/media1.jensgustafsson.se\/2025\/04\/image-55.png 1843w\" sizes=\"auto, (max-width: 1024px) 100vw, 1024px\" \/><figcaption class=\"wp-element-caption\"><strong><em>M\u00e5nadens medeltemperatur \u00e4r t.o.m. idag 2,1 grader varmare\u00a0 j\u00e4mf\u00f6rt mot den normala.<\/em><\/strong><\/figcaption><\/figure>\n\n\n\n<figure class=\"wp-block-image size-large\"><img loading=\"lazy\" decoding=\"async\" width=\"1024\" height=\"537\" src=\"https:\/\/media1.jensgustafsson.se\/2025\/04\/image-56-1024x537.png\" alt=\"\" class=\"wp-image-35716\" srcset=\"https:\/\/media1.jensgustafsson.se\/2025\/04\/image-56-1024x537.png 1024w, https:\/\/media1.jensgustafsson.se\/2025\/04\/image-56-300x157.png 300w, https:\/\/media1.jensgustafsson.se\/2025\/04\/image-56-768x403.png 768w, https:\/\/media1.jensgustafsson.se\/2025\/04\/image-56-500x262.png 500w, https:\/\/media1.jensgustafsson.se\/2025\/04\/image-56.png 1485w\" sizes=\"auto, (max-width: 1024px) 100vw, 1024px\" \/><figcaption class=\"wp-element-caption\"><strong><em>M\u00e5nadens nederb\u00f6rd \u00e4r t.o.m. idag 14 % av den normala.<\/em><\/strong><\/figcaption><\/figure>\n","protected":false},"excerpt":{"rendered":"<p>En klar och kylig natt med frost. P\u00e5 dagen har vi haft v\u00e4xlande molnighet, med mera inslag av moln \u00e4n vi haft de senaste dagarna. Nu mot kv\u00e4llen s\u00e5 har det b\u00f6rjat klarna upp. Den l\u00e4gsta temperaturen blev -2,6 grader, &hellip; <a href=\"https:\/\/jensgustafsson.se\/?p=35711\">Forts\u00e4tt l\u00e4sa <span class=\"meta-nav\">&rarr;<\/span><\/a><\/p>\n","protected":false},"author":1,"featured_media":0,"comment_status":"closed","ping_status":"","sticky":false,"template":"","format":"standard","meta":{"footnotes":""},"categories":[10],"tags":[],"class_list":["post-35711","post","type-post","status-publish","format-standard","hentry","category-vaderdagbok-2013"],"_links":{"self":[{"href":"https:\/\/jensgustafsson.se\/index.php?rest_route=\/wp\/v2\/posts\/35711","targetHints":{"allow":["GET"]}}],"collection":[{"href":"https:\/\/jensgustafsson.se\/index.php?rest_route=\/wp\/v2\/posts"}],"about":[{"href":"https:\/\/jensgustafsson.se\/index.php?rest_route=\/wp\/v2\/types\/post"}],"author":[{"embeddable":true,"href":"https:\/\/jensgustafsson.se\/index.php?rest_route=\/wp\/v2\/users\/1"}],"replies":[{"embeddable":true,"href":"https:\/\/jensgustafsson.se\/index.php?rest_route=%2Fwp%2Fv2%2Fcomments&post=35711"}],"version-history":[{"count":4,"href":"https:\/\/jensgustafsson.se\/index.php?rest_route=\/wp\/v2\/posts\/35711\/revisions"}],"predecessor-version":[{"id":35718,"href":"https:\/\/jensgustafsson.se\/index.php?rest_route=\/wp\/v2\/posts\/35711\/revisions\/35718"}],"wp:attachment":[{"href":"https:\/\/jensgustafsson.se\/index.php?rest_route=%2Fwp%2Fv2%2Fmedia&parent=35711"}],"wp:term":[{"taxonomy":"category","embeddable":true,"href":"https:\/\/jensgustafsson.se\/index.php?rest_route=%2Fwp%2Fv2%2Fcategories&post=35711"},{"taxonomy":"post_tag","embeddable":true,"href":"https:\/\/jensgustafsson.se\/index.php?rest_route=%2Fwp%2Fv2%2Ftags&post=35711"}],"curies":[{"name":"wp","href":"https:\/\/api.w.org\/{rel}","templated":true}]}}