{"id":35725,"date":"2025-04-29T17:18:03","date_gmt":"2025-04-29T16:18:03","guid":{"rendered":"https:\/\/jensgustafsson.se\/?p=35725"},"modified":"2025-04-29T17:18:03","modified_gmt":"2025-04-29T16:18:03","slug":"tisdag-29-april-2025","status":"publish","type":"post","link":"https:\/\/jensgustafsson.se\/?p=35725","title":{"rendered":"Tisdag 29 april 2025."},"content":{"rendered":"\n<p class=\"has-medium-font-size\"><em>Idag har vi haft en \u00f6verv\u00e4gande solig dag, med bara n\u00e5gra enstaka moln d\u00e5 och d\u00e5.<\/em><\/p>\n\n\n\n<p class=\"has-medium-font-size\"><em>En mild natt och en varm dag. Den l\u00e4gsta temperaturen blev +9,5 grader, och den h\u00f6gsta blev +19,9 grader.<\/em><\/p>\n\n\n\n<p class=\"has-medium-font-size\"><em>Vinden har varit m\u00e5ttlig, och har pendlat lite mellan v\u00e4st och nordv\u00e4st.<\/em><\/p>\n\n\n\n<figure class=\"wp-block-image size-large\"><img loading=\"lazy\" decoding=\"async\" width=\"1024\" height=\"768\" src=\"https:\/\/media1.jensgustafsson.se\/2025\/04\/29-april-2025-2-1024x768.jpg\" alt=\"\" class=\"wp-image-35726\" srcset=\"https:\/\/media1.jensgustafsson.se\/2025\/04\/29-april-2025-2-1024x768.jpg 1024w, https:\/\/media1.jensgustafsson.se\/2025\/04\/29-april-2025-2-300x225.jpg 300w, https:\/\/media1.jensgustafsson.se\/2025\/04\/29-april-2025-2-768x576.jpg 768w, https:\/\/media1.jensgustafsson.se\/2025\/04\/29-april-2025-2-1536x1152.jpg 1536w, https:\/\/media1.jensgustafsson.se\/2025\/04\/29-april-2025-2-400x300.jpg 400w, https:\/\/media1.jensgustafsson.se\/2025\/04\/29-april-2025-2.jpg 1920w\" sizes=\"auto, (max-width: 1024px) 100vw, 1024px\" \/><figcaption class=\"wp-element-caption\"><strong><em>Vid Bruksdammen p\u00e5 f\u00f6rmiddagen.<\/em><\/strong><\/figcaption><\/figure>\n\n\n\n<p class=\"has-medium-font-size\"><em>En sammanfattning fr\u00e5n min v\u00e4derstation, f\u00f6r de senaste 24 timmarna:<\/em><\/p>\n\n\n\n<p class=\"has-medium-font-size\"><strong>20250429 kl. 18.00<br \/>Min. temp: 9,5 \u00b0C<br \/>Max. temp: 19,9 \u00b0C<br \/>Min. lufttryck: 1013,1 hPa<br \/>Max. lufttryck: 1016,6 hPa<br \/>Min.luftfuktigh. 33 %<br \/>Max.luftfuktigh. 77 %<br \/>Domin. vindriktn.: Nordv\u00e4stlig<br \/>Maxvind: 8 m\/s.<br \/>Nederb\u00f6rd: 0 mm<br \/>Meteorologisk \u00e5rstid: Sommar<br \/>Kalendarisk \u00e5rstid: V\u00e5rm\u00e5nad 2 av 3<\/strong><\/p>\n\n\n\n<figure class=\"wp-block-image size-large\"><img loading=\"lazy\" decoding=\"async\" width=\"1024\" height=\"463\" src=\"https:\/\/media1.jensgustafsson.se\/2025\/04\/image-59-1024x463.png\" alt=\"\" class=\"wp-image-35728\" srcset=\"https:\/\/media1.jensgustafsson.se\/2025\/04\/image-59-1024x463.png 1024w, https:\/\/media1.jensgustafsson.se\/2025\/04\/image-59-300x136.png 300w, https:\/\/media1.jensgustafsson.se\/2025\/04\/image-59-768x348.png 768w, https:\/\/media1.jensgustafsson.se\/2025\/04\/image-59-1536x695.png 1536w, https:\/\/media1.jensgustafsson.se\/2025\/04\/image-59-500x226.png 500w, https:\/\/media1.jensgustafsson.se\/2025\/04\/image-59.png 1843w\" sizes=\"auto, (max-width: 1024px) 100vw, 1024px\" \/><figcaption class=\"wp-element-caption\"><strong><em>M\u00e5nadens medeltemperatur \u00e4r t.o.m. idag 2,4 grader varmare\u00a0 j\u00e4mf\u00f6rt mot den normala.<\/em><\/strong><\/figcaption><\/figure>\n\n\n\n<figure class=\"wp-block-image size-large\"><img loading=\"lazy\" decoding=\"async\" width=\"1024\" height=\"537\" src=\"https:\/\/media1.jensgustafsson.se\/2025\/04\/image-60-1024x537.png\" alt=\"\" class=\"wp-image-35729\" srcset=\"https:\/\/media1.jensgustafsson.se\/2025\/04\/image-60-1024x537.png 1024w, https:\/\/media1.jensgustafsson.se\/2025\/04\/image-60-300x157.png 300w, https:\/\/media1.jensgustafsson.se\/2025\/04\/image-60-768x403.png 768w, https:\/\/media1.jensgustafsson.se\/2025\/04\/image-60-500x262.png 500w, https:\/\/media1.jensgustafsson.se\/2025\/04\/image-60.png 1485w\" sizes=\"auto, (max-width: 1024px) 100vw, 1024px\" \/><figcaption class=\"wp-element-caption\"><strong><em>M\u00e5nadens nederb\u00f6rd \u00e4r t.o.m. idag 14 % av den normala.<\/em><\/strong><\/figcaption><\/figure>\n\n\n\n<p><\/p>\n","protected":false},"excerpt":{"rendered":"<p>Idag har vi haft en \u00f6verv\u00e4gande solig dag, med bara n\u00e5gra enstaka moln d\u00e5 och d\u00e5. En mild natt och en varm dag. Den l\u00e4gsta temperaturen blev +9,5 grader, och den h\u00f6gsta blev +19,9 grader. Vinden har varit m\u00e5ttlig, och &hellip; <a href=\"https:\/\/jensgustafsson.se\/?p=35725\">Forts\u00e4tt l\u00e4sa <span class=\"meta-nav\">&rarr;<\/span><\/a><\/p>\n","protected":false},"author":1,"featured_media":0,"comment_status":"closed","ping_status":"","sticky":false,"template":"","format":"standard","meta":{"footnotes":""},"categories":[10],"tags":[],"class_list":["post-35725","post","type-post","status-publish","format-standard","hentry","category-vaderdagbok-2013"],"_links":{"self":[{"href":"https:\/\/jensgustafsson.se\/index.php?rest_route=\/wp\/v2\/posts\/35725","targetHints":{"allow":["GET"]}}],"collection":[{"href":"https:\/\/jensgustafsson.se\/index.php?rest_route=\/wp\/v2\/posts"}],"about":[{"href":"https:\/\/jensgustafsson.se\/index.php?rest_route=\/wp\/v2\/types\/post"}],"author":[{"embeddable":true,"href":"https:\/\/jensgustafsson.se\/index.php?rest_route=\/wp\/v2\/users\/1"}],"replies":[{"embeddable":true,"href":"https:\/\/jensgustafsson.se\/index.php?rest_route=%2Fwp%2Fv2%2Fcomments&post=35725"}],"version-history":[{"count":3,"href":"https:\/\/jensgustafsson.se\/index.php?rest_route=\/wp\/v2\/posts\/35725\/revisions"}],"predecessor-version":[{"id":35731,"href":"https:\/\/jensgustafsson.se\/index.php?rest_route=\/wp\/v2\/posts\/35725\/revisions\/35731"}],"wp:attachment":[{"href":"https:\/\/jensgustafsson.se\/index.php?rest_route=%2Fwp%2Fv2%2Fmedia&parent=35725"}],"wp:term":[{"taxonomy":"category","embeddable":true,"href":"https:\/\/jensgustafsson.se\/index.php?rest_route=%2Fwp%2Fv2%2Fcategories&post=35725"},{"taxonomy":"post_tag","embeddable":true,"href":"https:\/\/jensgustafsson.se\/index.php?rest_route=%2Fwp%2Fv2%2Ftags&post=35725"}],"curies":[{"name":"wp","href":"https:\/\/api.w.org\/{rel}","templated":true}]}}